{"id":229494,"date":"2025-07-06T02:37:10","date_gmt":"2025-07-06T02:37:10","guid":{"rendered":"https:\/\/www.europesays.com\/fr\/229494\/"},"modified":"2025-07-06T02:37:10","modified_gmt":"2025-07-06T02:37:10","slug":"sncf-voyageurs-deplore-une-concurrence-ciblee-sur-les-gares-rentables","status":"publish","type":"post","link":"https:\/\/www.europesays.com\/fr\/229494\/","title":{"rendered":"SNCF Voyageurs d\u00e9plore une concurrence cibl\u00e9e sur les gares rentables"},"content":{"rendered":"<p>Christophe Fanichet regrette que les concurrents sur les lignes \u00e0 grande vitesse ne desservent que des grandes villes, contrairement \u00e0 la SNCF qui joue sur ses lignes b\u00e9n\u00e9ficiaires pour pouvoir desservir 200 villes en France.<\/p>\n<p class=\"fig-paragraph\">Si la concurrence \u00e0 la SNCF sur les TGV a le m\u00e9rite de faire baisser les prix en desservant les grandes villes, elle semble en revanche n\u00e9gliger les plus petites. C\u2019est ce qu\u2019a critiqu\u00e9 ce matin le patron de SNCF Voyageurs, Christophe Fanichet, au micro de BFM Business lors des\u00a0<a href=\"http:\/\/www.lefigaro.fr\/conjoncture\/on-se-voit-a-aix-en-juillet-les-coulisses-des-rencontres-economiques-davos-provencal-qui-reunit-le-tout-paris-chaque-ete-20250621\" data-fig-type=\"Article\" data-gtm-custom-categorie=\"navigation\" data-gtm-custom-action=\"crossclick\" data-gtm-custom-label=\"Contextuel\" data-gtm-event=\"customEventSPE\" data-fig-domain=\"LEFIGARO\" target=\"_blank\" rel=\"noopener\">rencontres \u00e9conomiques d\u2019Aix-en-Provence.<\/a><\/p>\n<p class=\"fig-paragraph\">\u00ab\u00a0Sur le train \u00e0 grande vitesse, il faut que la concurrence ne se fasse pas au d\u00e9triment des territoires\u00a0\u00bb. En clair, il reproche \u00e0 ses concurrents de ne desservir que quelques villes en France. \u00ab Entre Paris et Lyon, je n\u2019ai pas entendu qu\u2019ils desservaient M\u00e2con ou Le Creusot. Il y a eu des annonces r\u00e9cemment sur l\u2019Atlantique\u00a0: je n\u2019ai pas entendu qu\u2019on desservait Angoul\u00eame, Poitiers, Ch\u00e2teauroux ou Tours.\u00a0\u00bb Aujourd\u2019hui, Trenitalia, principal concurrent de la SNCF dessert en France des villes telles que Paris, Lyon, Chamb\u00e9ry, Saint-Jean-de-Maurienne, Modane et Marseille depuis juin dernier. La Renfe elle, est plus prudente, s\u2019est impos\u00e9e sur des lignes internationales uniquement. Elle dessert Aix, Avignon Lyon et Marseille.<\/p>\n<p class=\"fig-body-link\">\n            \u00c0 lire aussi<br \/>\n        <a class=\"fig-body-link__link fig-premium-mark\" href=\"http:\/\/www.lefigaro.fr\/societes\/derriere-trenitalia-d-autres-concurrents-de-la-sncf-avancent-lentement-pour-lancer-des-tgv-20250613\" target=\"_blank\" data-fig-type=\"Article\" rel=\"noopener\" data-gtm-custom-categorie=\"navigation\" data-gtm-custom-action=\"crossclick\" data-gtm-custom-label=\"Contextuel\" data-gtm-event=\"customEventSPE\" data-fig-domain=\"LEFIGARO\">Derri\u00e8re Trenitalia, d\u2019autres concurrents de la SNCF avancent lentement pour lancer des TGV<br \/>\n    <\/a>\n<\/p>\n<p>                                    <a class=\"fig-a11y-skip a11y-hidden\" href=\"#fig-a11y-skip-main-inarticle\"><br \/>\n        Passer la publicit\u00e9<br \/>\n    <\/a><\/p>\n<p><strong>\u00ab Les lignes b\u00e9n\u00e9ficiaires permettent \u00e0 certaines m\u00e9tropoles d\u2019avoir le TGV\u00a0\u00bb\u00a0<\/strong><\/p>\n<p class=\"fig-paragraph\">Une strat\u00e9gie totalement diff\u00e9rente de celle de SNCF Voyageurs qui est pr\u00e9sente dans 200 villes. \u00ab C\u2019est unique en Europe et j\u2019en suis fier\u00a0\u00bb. \u00ab Les lignes b\u00e9n\u00e9ficiaires permettent \u00e0 certaines m\u00e9tropoles d\u2019avoir le TGV\u00a0\u00bb explique-t-il. \u00ab Aujourd\u2019hui, un tiers de mes lignes sont d\u00e9ficitaires, un tiers sont \u00e0 l\u2019\u00e9quilibre et un tiers sont b\u00e9n\u00e9ficiaires.\u00a0\u00bb<\/p>\n<p class=\"fig-paragraph\">Pour le patron de SNCF Voyageurs, \u00ab l\u2019ouverture \u00e0 la concurrence doit permettre \u00e0 toutes les villes et m\u00e9tropoles, petites ou grandes, d\u2019avoir un TGV\u00bb. Or \u00ables concurrents arrivent uniquement sur les lignes b\u00e9n\u00e9ficiaires de la SNCF\u00bb.<\/p>\n","protected":false},"excerpt":{"rendered":"Christophe Fanichet regrette que les concurrents sur les lignes \u00e0 grande vitesse ne desservent que des grandes villes,&hellip;\n","protected":false},"author":2,"featured_media":229495,"comment_status":"","ping_status":"","sticky":false,"template":"","format":"standard","meta":{"footnotes":""},"categories":[6],"tags":[35,350,33,34,1011,27,2215,926],"class_list":{"0":"post-229494","1":"post","2":"type-post","3":"status-publish","4":"format-standard","5":"has-post-thumbnail","7":"category-economie","8":"tag-business","9":"tag-concurrence","10":"tag-economie","11":"tag-economy","12":"tag-fr","13":"tag-france","14":"tag-sncf","15":"tag-train"},"share_on_mastodon":{"url":"https:\/\/pubeurope.com\/@fr\/114803968808516460","error":""},"_links":{"self":[{"href":"https:\/\/www.europesays.com\/fr\/wp-json\/wp\/v2\/posts\/229494","targetHints":{"allow":["GET"]}}],"collection":[{"href":"https:\/\/www.europesays.com\/fr\/wp-json\/wp\/v2\/posts"}],"about":[{"href":"https:\/\/www.europesays.com\/fr\/wp-json\/wp\/v2\/types\/post"}],"author":[{"embeddable":true,"href":"https:\/\/www.europesays.com\/fr\/wp-json\/wp\/v2\/users\/2"}],"replies":[{"embeddable":true,"href":"https:\/\/www.europesays.com\/fr\/wp-json\/wp\/v2\/comments?post=229494"}],"version-history":[{"count":0,"href":"https:\/\/www.europesays.com\/fr\/wp-json\/wp\/v2\/posts\/229494\/revisions"}],"wp:featuredmedia":[{"embeddable":true,"href":"https:\/\/www.europesays.com\/fr\/wp-json\/wp\/v2\/media\/229495"}],"wp:attachment":[{"href":"https:\/\/www.europesays.com\/fr\/wp-json\/wp\/v2\/media?parent=229494"}],"wp:term":[{"taxonomy":"category","embeddable":true,"href":"https:\/\/www.europesays.com\/fr\/wp-json\/wp\/v2\/categories?post=229494"},{"taxonomy":"post_tag","embeddable":true,"href":"https:\/\/www.europesays.com\/fr\/wp-json\/wp\/v2\/tags?post=229494"}],"curies":[{"name":"wp","href":"https:\/\/api.w.org\/{rel}","templated":true}]}}