{"id":229496,"date":"2025-07-06T02:38:10","date_gmt":"2025-07-06T02:38:10","guid":{"rendered":"https:\/\/www.europesays.com\/fr\/229496\/"},"modified":"2025-07-06T02:38:10","modified_gmt":"2025-07-06T02:38:10","slug":"apres-la-tendance-anti-creme-solaire-la-trend-burn-lines-est-celle-qui-inquiete-vivement-les-dermatologues","status":"publish","type":"post","link":"https:\/\/www.europesays.com\/fr\/229496\/","title":{"rendered":"Apr\u00e8s la tendance \u201canti-cr\u00e8me solaire\u201d, la trend \u201cBurn lines\u201d est celle qui inqui\u00e8te vivement les dermatologues"},"content":{"rendered":"<p>Bien que l\u2019application Tiktok puisse \u00eatre per\u00e7ue comme un puits de savoir pour celles et ceux qui souhaitent apprendre r\u00e9guli\u00e8rement de nouvelles choses\u2026 C\u2019est aussi le berceau de plusieurs challenges dangereux particuli\u00e8rement populaire aupr\u00e8s des plus jeunes. Parmi les plus r\u00e9cents, on retrouvait la trend \u201csun tattoo\u201d o\u00f9 les internautes se montraient en train de dessiner un motif avec de la cr\u00e8me solaire sur leur peau pour cr\u00e9er une sorte de \u201ctatouage de bronzage\u201d. Dans la m\u00eame id\u00e9e, le mouvement \u201c <a href=\"https:\/\/www.elle.fr\/Beaute\/News-beaute\/Soins\/Anti-creme-solaire-la-tendance-dangereuse-qui-affole-les-medecins-4243798#\" rel=\"nofollow noopener\" target=\"_blank\" data-ylk=\"slk:anti-cr\u00e8me solaire;elm:context_link;itc:0;sec:content-canvas\" class=\"link \">anti-cr\u00e8me solaire<\/a>\u201d consistait \u00e0 convaincre les autres utilisateurs de la toxicit\u00e9 des produits contenant des SPF. Puis, le dernier en date dit des \u201cburn lines\u201d est le fait de s\u2019infliger volontairement des coups de soleil pour obtenir des marques de bronzage\u2026<\/p>\n<p>Les marques de bronzage : nouvelle tendance chez les plus jeunes<\/p>\n<p>Alors qu\u2019\u00e0 une \u00e9poque on avait horreur de voir appara\u00eetre des traces de bronzage disgracieuses sur nos \u00e9paules et notre d\u00e9collet\u00e9, aujourd\u2019hui, cela semble \u00eatre devenu ultra-tendance. Tendance au point que certaines femmes, et surtout des jeunes filles, s\u2019exposent volontairement au soleil, lorsque l\u2019indice UV est \u00e9lev\u00e9 (soit entre 7 et 11), sans la moindre protection solaire. Pire encore, elles n\u2019h\u00e9sitent pas \u00e0 appliquer de <a href=\"https:\/\/www.elle.fr\/Beaute\/Soins\/Tendances\/huile-bronzante#\" rel=\"nofollow noopener\" target=\"_blank\" data-ylk=\"slk:l\u2019huile bronzante;elm:context_link;itc:0;sec:content-canvas\" class=\"link \">l\u2019huile bronzante<\/a>, du mono\u00ef ou m\u00eame de la graisse \u00e0 traire. L\u2019objectif est clair : \u201ccuire\u201d leur peau pour obtenir le fameux \u201cburnt look\u201d.<\/p>\n<p>Les risques de cette tendance dangereuse<\/p>\n<p>Les jeunes femmes qui participent \u00e0 cette tendance pensent simplement que cela leur permettra d\u2019obtenir un bronzage dor\u00e9 plus rapidement. Mais la r\u00e9alit\u00e9 est tout autre : m\u00eame minime, un <a href=\"https:\/\/www.elle.fr\/Beaute\/News-beaute\/Soins\/S-O-S-beaute-j-ai-attrape-un-coup-de-soleil-2124014#\" rel=\"nofollow noopener\" target=\"_blank\" data-ylk=\"slk:coup de soleil;elm:context_link;itc:0;sec:content-canvas\" class=\"link \">coup de soleil<\/a> reste une br\u00fblure de la peau. Les cons\u00e9quences peuvent ainsi aller de la simple irritation \u00e0 des cloques douloureuses jusqu\u2019au cancer de la peau. Aussi, attraper des coups de soleil r\u00e9guli\u00e8rement augmente non seulement le vieillissement pr\u00e9matur\u00e9 de la peau, mais aussi le risque de d\u00e9velopper des maladies cutan\u00e9es. Il vaut ainsi mieux se prot\u00e9ger !<\/p>\n<p>En qu\u00eate de solutions pour vous sublimer et\u00a0ralentir les effets du temps sur votre peau\u00a0? D\u00e9couvrez notre 1\u00e8re masterclass digitale et inscrivez-vous d\u00e8s maintenant\u00a0 <a href=\"https:\/\/www.elle.fr\/Masterclass-belle-a-tout-age#at_campaign=Internal&amp;at_medium=edito&amp;at_variant=Masterclass1&amp;at_format=factbox#\" rel=\"nofollow noopener\" target=\"_blank\" data-ylk=\"slk:ici;elm:context_link;itc:0;sec:content-canvas\" class=\"link \">ici<\/a>.<\/p>\n<p>D\u00e9couvrez les indispensables de la r\u00e9daction de ELLE\u00a0dans une\u00a0 <a href=\"https:\/\/box.elle.fr\/#at_medium=Internal&amp;at_campaign=Box_by_ELLE&amp;at_format=Lien%20edito&amp;at_creation=Lancement%20&amp;at_variant=Factbox\" rel=\"nofollow noopener\" target=\"_blank\" data-ylk=\"slk:box\u00a0beaut\u00e9;elm:context_link;itc:0;sec:content-canvas\" class=\"link \">box\u00a0beaut\u00e9<\/a> <a href=\"https:\/\/box.elle.fr\/#at_medium=Internal&amp;at_campaign=Box_by_ELLE&amp;at_format=Lien%20edito&amp;at_creation=Lancement%20&amp;at_variant=Factbox\" rel=\"nofollow noopener\" target=\"_blank\" data-ylk=\"slk:\u00a0;elm:context_link;itc:0;sec:content-canvas\" class=\"link \">\u00a0<\/a>en \u00e9dition limit\u00e9e, et sans engagement \u00e0 partir de 29 \u20ac.<\/p>\n<p><a href=\"https:\/\/www.elle.fr\/Beaute\/News-beaute\/Apres-la-tendance-anti-creme-solaire-la-trend-Burn-lines-est-celle-qui-inquiete-vivement-les-dermatologues-4363636\" rel=\"nofollow noopener\" target=\"_blank\" data-ylk=\"slk:Voir l&#039;article original sur ELLE;elm:context_link;itc:0;sec:content-canvas\" class=\"link \">Voir l&rsquo;article original sur ELLE<\/a><\/p>\n","protected":false},"excerpt":{"rendered":"Bien que l\u2019application Tiktok puisse \u00eatre per\u00e7ue comme un puits de savoir pour celles et ceux qui souhaitent&hellip;\n","protected":false},"author":2,"featured_media":229497,"comment_status":"","ping_status":"","sticky":false,"template":"","format":"standard","meta":{"footnotes":""},"categories":[5],"tags":[11,36817,23494,1011,27,14,12,995,36818,28],"class_list":{"0":"post-229496","1":"post","2":"type-post","3":"status-publish","4":"format-standard","5":"has-post-thumbnail","7":"category-international","8":"tag-actualites","9":"tag-brulure-de-la-peau","10":"tag-cancer-de-la-peau","11":"tag-fr","12":"tag-france","13":"tag-international","14":"tag-news","15":"tag-nouvelle-tendance","16":"tag-traces-de-bronzage","17":"tag-world"},"share_on_mastodon":{"url":"https:\/\/pubeurope.com\/@fr\/114803972715095590","error":""},"_links":{"self":[{"href":"https:\/\/www.europesays.com\/fr\/wp-json\/wp\/v2\/posts\/229496","targetHints":{"allow":["GET"]}}],"collection":[{"href":"https:\/\/www.europesays.com\/fr\/wp-json\/wp\/v2\/posts"}],"about":[{"href":"https:\/\/www.europesays.com\/fr\/wp-json\/wp\/v2\/types\/post"}],"author":[{"embeddable":true,"href":"https:\/\/www.europesays.com\/fr\/wp-json\/wp\/v2\/users\/2"}],"replies":[{"embeddable":true,"href":"https:\/\/www.europesays.com\/fr\/wp-json\/wp\/v2\/comments?post=229496"}],"version-history":[{"count":0,"href":"https:\/\/www.europesays.com\/fr\/wp-json\/wp\/v2\/posts\/229496\/revisions"}],"wp:featuredmedia":[{"embeddable":true,"href":"https:\/\/www.europesays.com\/fr\/wp-json\/wp\/v2\/media\/229497"}],"wp:attachment":[{"href":"https:\/\/www.europesays.com\/fr\/wp-json\/wp\/v2\/media?parent=229496"}],"wp:term":[{"taxonomy":"category","embeddable":true,"href":"https:\/\/www.europesays.com\/fr\/wp-json\/wp\/v2\/categories?post=229496"},{"taxonomy":"post_tag","embeddable":true,"href":"https:\/\/www.europesays.com\/fr\/wp-json\/wp\/v2\/tags?post=229496"}],"curies":[{"name":"wp","href":"https:\/\/api.w.org\/{rel}","templated":true}]}}