{"id":229500,"date":"2025-07-06T02:40:16","date_gmt":"2025-07-06T02:40:16","guid":{"rendered":"https:\/\/www.europesays.com\/fr\/229500\/"},"modified":"2025-07-06T02:40:16","modified_gmt":"2025-07-06T02:40:16","slug":"les-parisiens-renouent-avec-la-baignade-dans-la-seine-100-ans-apres-son-interdiction","status":"publish","type":"post","link":"https:\/\/www.europesays.com\/fr\/229500\/","title":{"rendered":"les Parisiens renouent avec la baignade dans la Seine, 100 ans apr\u00e8s son interdiction"},"content":{"rendered":"<p><strong>REPORTAGE &#8211;<\/strong> Bercy, Grenelle ou le Pont Marie\u00a0: les trois sites de nage sont investis depuis ce matin par les nageurs. Jusqu\u2019au 31 ao\u00fbt, la baignade dans la Seine est ouverte au grand public.<\/p>\n<p class=\"fig-paragraph\">La sc\u00e8ne semble peu croyable. Des Parisiens et touristes plongeant dans la Seine \u00e0 seulement quelques m\u00e8tres de la Maison de la radio ou de l\u2019\u00eele Saint-Louis. En ce samedi matin,\u00a0<a href=\"http:\/\/www.lefigaro.fr\/actualite-france\/baignade-dans-la-seine-les-informations-a-retenir-pour-la-saison-2025-20250704\" data-fig-type=\"NewsFlash\" data-gtm-custom-categorie=\"navigation\" data-gtm-custom-action=\"crossclick\" data-gtm-custom-label=\"Contextuel\" data-gtm-event=\"customEventSPE\" data-fig-domain=\"LEFIGARO\" target=\"_blank\" rel=\"noopener\">l\u2019ouverture officielle de la baignade dans le fleuve<\/a>\u00a0donne \u00e0 la capitale des allures de plage. Les trois sites accessibles \u00e0 la baignade ont \u00e9t\u00e9 inaugur\u00e9s en pr\u00e9sence d\u2019Anne Hidalgo, maire de la ville accompagn\u00e9e de Marie Barsacq, ministre des Sports, de la jeunesse et de la vie associative. Les deux femmes politiques se sont f\u00e9licit\u00e9es des am\u00e9nagements et ont \u00e9chang\u00e9 avec plusieurs baigneurs sans pour autant se mettre \u00e0 l\u2019eau.<\/p>\n<p class=\"fig-paragraph\">Si pour l\u2019occasion, le soleil n\u2019est pas au rendez-vous, les Parisiens, eux, ont bien r\u00e9pondu pr\u00e9sents. Dans le IVe arrondissement, sur le site de Bras Marie, au pied du pont de Sully, d\u00e8s 9h30 su matin. Dans une eau \u00e0 25 degr\u00e9s, on d\u00e9nombre d\u00e9j\u00e0 une trentaine de nageurs scrut\u00e9s de pr\u00e8s par de nombreux curieux. Sur les quais, autour des cabines, des transats et des douches, une queue se dessine\u2026<\/p>\n<p class=\"fig-premium-paywall__infos\">\n        Cet article est r\u00e9serv\u00e9 aux abonn\u00e9s.        Il vous reste 81% \u00e0 d\u00e9couvrir.\n    <\/p>\n<p>                <img  data- alt=\"Le Figaro\" class=\"fig-img--complete fig-img\"\/><\/p>\n<p class=\"fig-premium-paywall__title\">Vous avez envie de lire la suite ?<\/p>\n<p class=\"fig-premium-paywall__subtitle\">D\u00e9bloquez tous les articles imm\u00e9diatement.<\/p>\n<p class=\"fig-premium-paywall__connect\">\n                D\u00e9j\u00e0 abonn\u00e9\u00a0?                <a class=\"fig-premium-paywall__connect-link\" href=\"https:\/\/connect.lefigaro.fr\/login?client=horizon_web&amp;type=main&amp;redirect_uri=https%3A%2F%2Fwww.lefigaro.fr%2Factualite-france%2Fon-a-presque-l-impression-d-etre-en-vacances-les-parisiens-renouent-avec-la-baignade-dans-la-seine-100-ans-apres-son-interdiction-20250705\" data-js-gtm=\"{&quot;customCategorie&quot;: &quot;conversion&quot;, &quot;customAction&quot;: &quot;before_Landing_Connexion_paywall_auto&quot;, &quot;customLabel&quot;: &quot;bGVmaWdhcm8uZnJfXzFmMDU5YWZlLTQxZjQtNmVjNi04ZTQ3LWI1NzA2NzUxOTlhMV9fQXJ0aWNsZQ==_\u00abOn a presque l\u2019impression d\u2019\u00eatre en vacances\u00bb\u00a0: les Parisiens renouent avec la baignade dans la Seine, 100 ans apr\u00e8s son interdiction_390&quot;, &quot;customIDSPE&quot;: &quot;bGVmaWdhcm8uZnJfXzFmMDU5YWZlLTQxZjQtNmVjNi04ZTQ3LWI1NzA2NzUxOTlhMV9fQXJ0aWNsZQ==&quot;, &quot;event&quot;: &quot;customEventSPE&quot;}\" target=\"_blank\" rel=\"noopener\"><br \/>\n                    Connectez-vous<br \/>\n                <\/a>\n            <\/p>\n","protected":false},"excerpt":{"rendered":"REPORTAGE &#8211; Bercy, Grenelle ou le Pont Marie\u00a0: les trois sites de nage sont investis depuis ce matin&hellip;\n","protected":false},"author":2,"featured_media":229501,"comment_status":"","ping_status":"","sticky":false,"template":"","format":"standard","meta":{"footnotes":""},"categories":[2],"tags":[11,1011,27,5353,12,626],"class_list":{"0":"post-229500","1":"post","2":"type-post","3":"status-publish","4":"format-standard","5":"has-post-thumbnail","7":"category-actualites","8":"tag-actualites","9":"tag-fr","10":"tag-france","11":"tag-la-seine","12":"tag-news","13":"tag-paris"},"share_on_mastodon":{"url":"https:\/\/pubeurope.com\/@fr\/114803980536397019","error":""},"_links":{"self":[{"href":"https:\/\/www.europesays.com\/fr\/wp-json\/wp\/v2\/posts\/229500","targetHints":{"allow":["GET"]}}],"collection":[{"href":"https:\/\/www.europesays.com\/fr\/wp-json\/wp\/v2\/posts"}],"about":[{"href":"https:\/\/www.europesays.com\/fr\/wp-json\/wp\/v2\/types\/post"}],"author":[{"embeddable":true,"href":"https:\/\/www.europesays.com\/fr\/wp-json\/wp\/v2\/users\/2"}],"replies":[{"embeddable":true,"href":"https:\/\/www.europesays.com\/fr\/wp-json\/wp\/v2\/comments?post=229500"}],"version-history":[{"count":0,"href":"https:\/\/www.europesays.com\/fr\/wp-json\/wp\/v2\/posts\/229500\/revisions"}],"wp:featuredmedia":[{"embeddable":true,"href":"https:\/\/www.europesays.com\/fr\/wp-json\/wp\/v2\/media\/229501"}],"wp:attachment":[{"href":"https:\/\/www.europesays.com\/fr\/wp-json\/wp\/v2\/media?parent=229500"}],"wp:term":[{"taxonomy":"category","embeddable":true,"href":"https:\/\/www.europesays.com\/fr\/wp-json\/wp\/v2\/categories?post=229500"},{"taxonomy":"post_tag","embeddable":true,"href":"https:\/\/www.europesays.com\/fr\/wp-json\/wp\/v2\/tags?post=229500"}],"curies":[{"name":"wp","href":"https:\/\/api.w.org\/{rel}","templated":true}]}}