{"id":229503,"date":"2025-07-06T02:43:37","date_gmt":"2025-07-06T02:43:37","guid":{"rendered":"https:\/\/www.europesays.com\/fr\/229503\/"},"modified":"2025-07-06T02:43:37","modified_gmt":"2025-07-06T02:43:37","slug":"jarville-la-malgrange-lycee-la-malgrange-bac-2025-mention-tres-bien-aurelien-brandenberg-17-ans-bac-general","status":"publish","type":"post","link":"https:\/\/www.europesays.com\/fr\/229503\/","title":{"rendered":"Jarville-la-Malgrange, lyc\u00e9e La Malgrange | Bac 2025 Mention Tr\u00e8s Bien. Aur\u00e9lien Brandenberg, 17 ans, bac g\u00e9n\u00e9ral"},"content":{"rendered":"<p>Aur\u00e9lien Brandenberg, 17 ans, demeurant \u00e0 Nancy, a d\u00e9croch\u00e9 son bac g\u00e9n\u00e9ral avec mention tr\u00e8s bien. Passionn\u00e9 par le sport et les sciences, il pratique le triathlon avec assiduit\u00e9. Sa moyenne de 17,28 refl\u00e8te son s\u00e9rieux et son engagement. Il a obtenu la note de 20 au Grand oral. Aur\u00e9lien se destine \u00e0 la m\u00e9decine, aspirant \u00e0 devenir chirurgien. Cet \u00e9t\u00e9, il pr\u00e9voit de passer son permis et de profiter de ses vacances bien m\u00e9rit\u00e9es.<\/p>\n<p>\u270e R\u00e9dig\u00e9 avec l&rsquo;aide d&rsquo;outils IA et v\u00e9rifi\u00e9 par un journaliste \ud83d\udec8 En savoir plus avec la charte IA d&rsquo;Ebra.<\/p>\n","protected":false},"excerpt":{"rendered":"Aur\u00e9lien Brandenberg, 17 ans, demeurant \u00e0 Nancy, a d\u00e9croch\u00e9 son bac g\u00e9n\u00e9ral avec mention tr\u00e8s bien. Passionn\u00e9 par&hellip;\n","protected":false},"author":2,"featured_media":229504,"comment_status":"","ping_status":"","sticky":false,"template":"","format":"standard","meta":{"footnotes":""},"categories":[9635],"tags":[1111,11,36609,1704,1057,1777,674,10961,1011,27,775,9648,9649,1702,12,25],"class_list":{"0":"post-229503","1":"post","2":"type-post","3":"status-publish","4":"format-standard","5":"has-post-thumbnail","7":"category-nancy","8":"tag-actu","9":"tag-actualites","10":"tag-baccalaureat-mention-tres-bien","11":"tag-edition-nancy-et-agglomeration","12":"tag-education","13":"tag-eu","14":"tag-europe","15":"tag-examen-diplome","16":"tag-fr","17":"tag-france","18":"tag-grand-est","19":"tag-jarville-la-malgrange","20":"tag-metropole-du-grand-nancy-54b2","21":"tag-nancy","22":"tag-news","23":"tag-republique-francaise"},"share_on_mastodon":{"url":"https:\/\/pubeurope.com\/@fr\/114803992404817749","error":""},"_links":{"self":[{"href":"https:\/\/www.europesays.com\/fr\/wp-json\/wp\/v2\/posts\/229503","targetHints":{"allow":["GET"]}}],"collection":[{"href":"https:\/\/www.europesays.com\/fr\/wp-json\/wp\/v2\/posts"}],"about":[{"href":"https:\/\/www.europesays.com\/fr\/wp-json\/wp\/v2\/types\/post"}],"author":[{"embeddable":true,"href":"https:\/\/www.europesays.com\/fr\/wp-json\/wp\/v2\/users\/2"}],"replies":[{"embeddable":true,"href":"https:\/\/www.europesays.com\/fr\/wp-json\/wp\/v2\/comments?post=229503"}],"version-history":[{"count":0,"href":"https:\/\/www.europesays.com\/fr\/wp-json\/wp\/v2\/posts\/229503\/revisions"}],"wp:featuredmedia":[{"embeddable":true,"href":"https:\/\/www.europesays.com\/fr\/wp-json\/wp\/v2\/media\/229504"}],"wp:attachment":[{"href":"https:\/\/www.europesays.com\/fr\/wp-json\/wp\/v2\/media?parent=229503"}],"wp:term":[{"taxonomy":"category","embeddable":true,"href":"https:\/\/www.europesays.com\/fr\/wp-json\/wp\/v2\/categories?post=229503"},{"taxonomy":"post_tag","embeddable":true,"href":"https:\/\/www.europesays.com\/fr\/wp-json\/wp\/v2\/tags?post=229503"}],"curies":[{"name":"wp","href":"https:\/\/api.w.org\/{rel}","templated":true}]}}