{"id":229513,"date":"2025-07-06T02:52:51","date_gmt":"2025-07-06T02:52:51","guid":{"rendered":"https:\/\/www.europesays.com\/fr\/229513\/"},"modified":"2025-07-06T02:52:51","modified_gmt":"2025-07-06T02:52:51","slug":"la-frette-le-quartier-de-la-route-de-grenoble-en-fete","status":"publish","type":"post","link":"https:\/\/www.europesays.com\/fr\/229513\/","title":{"rendered":"La Frette. Le quartier de la route de Grenoble en f\u00eate"},"content":{"rendered":"<p>La f\u00eate des voisins du quartier de la route de Grenoble a eu lieu dimanche 29\u00a0juin. Un \u00e9v\u00e8nement annuel qui vise \u00e0 renforcer les liens, \u00e0 faire connaissance avec des nouveaux habitants et \u00e0 partager un moment convivial. Proximit\u00e9, entraide et mieux vivre ensemble \u00e9tait au rendez-vous. Chaque voisin a amen\u00e9 de quoi se restaurer et se d\u00e9salt\u00e9rer et Madame Thibaud a mis sa maison \u00e0 disposition, comme chaque ann\u00e9e. En fin de journ\u00e9e, tout le monde avait le sourire et se donnait rendez-vous pour l\u2019ann\u00e9e prochaine.<\/p>\n","protected":false},"excerpt":{"rendered":"La f\u00eate des voisins du quartier de la route de Grenoble a eu lieu dimanche 29\u00a0juin. Un \u00e9v\u00e8nement&hellip;\n","protected":false},"author":2,"featured_media":229514,"comment_status":"","ping_status":"","sticky":false,"template":"","format":"standard","meta":{"footnotes":""},"categories":[9566],"tags":[1111,11,2430,114,1777,674,1011,27,2731,36819,12,25,27908,104,1631],"class_list":{"0":"post-229513","1":"post","2":"type-post","3":"status-publish","4":"format-standard","5":"has-post-thumbnail","7":"category-grenoble","8":"tag-actu","9":"tag-actualites","10":"tag-auvergne-rhone-alpes","11":"tag-edition-voiron-saint-marcellin","12":"tag-eu","13":"tag-europe","14":"tag-fr","15":"tag-france","16":"tag-grenoble","17":"tag-la-frette","18":"tag-news","19":"tag-republique-francaise","20":"tag-saint-geoirs-et-autour","21":"tag-societe","22":"tag-vie-associative"},"share_on_mastodon":{"url":"https:\/\/pubeurope.com\/@fr\/114804031668165062","error":""},"_links":{"self":[{"href":"https:\/\/www.europesays.com\/fr\/wp-json\/wp\/v2\/posts\/229513","targetHints":{"allow":["GET"]}}],"collection":[{"href":"https:\/\/www.europesays.com\/fr\/wp-json\/wp\/v2\/posts"}],"about":[{"href":"https:\/\/www.europesays.com\/fr\/wp-json\/wp\/v2\/types\/post"}],"author":[{"embeddable":true,"href":"https:\/\/www.europesays.com\/fr\/wp-json\/wp\/v2\/users\/2"}],"replies":[{"embeddable":true,"href":"https:\/\/www.europesays.com\/fr\/wp-json\/wp\/v2\/comments?post=229513"}],"version-history":[{"count":0,"href":"https:\/\/www.europesays.com\/fr\/wp-json\/wp\/v2\/posts\/229513\/revisions"}],"wp:featuredmedia":[{"embeddable":true,"href":"https:\/\/www.europesays.com\/fr\/wp-json\/wp\/v2\/media\/229514"}],"wp:attachment":[{"href":"https:\/\/www.europesays.com\/fr\/wp-json\/wp\/v2\/media?parent=229513"}],"wp:term":[{"taxonomy":"category","embeddable":true,"href":"https:\/\/www.europesays.com\/fr\/wp-json\/wp\/v2\/categories?post=229513"},{"taxonomy":"post_tag","embeddable":true,"href":"https:\/\/www.europesays.com\/fr\/wp-json\/wp\/v2\/tags?post=229513"}],"curies":[{"name":"wp","href":"https:\/\/api.w.org\/{rel}","templated":true}]}}