{"id":229525,"date":"2025-07-06T03:03:22","date_gmt":"2025-07-06T03:03:22","guid":{"rendered":"https:\/\/www.europesays.com\/fr\/229525\/"},"modified":"2025-07-06T03:03:22","modified_gmt":"2025-07-06T03:03:22","slug":"2h24-de-combat-coello-tapia-sen-sortent-apres-un-des-matchs-de-lannee-a-bordeaux","status":"publish","type":"post","link":"https:\/\/www.europesays.com\/fr\/229525\/","title":{"rendered":"2h24 de combat, Coello\/Tapia s\u2019en sortent apr\u00e8s un des matchs de l\u2019ann\u00e9e \u00e0 Bordeaux !"},"content":{"rendered":"<p>Dans ce qui restera probablement comme <strong>l\u2019un des matchs de l\u2019ann\u00e9e<\/strong>, <strong>Arturo Coello<\/strong> et <strong>Agust\u00edn Tapia<\/strong> ont valid\u00e9 leur ticket pour les <strong>demi-finales du Bordeaux P2<\/strong> apr\u00e8s un <strong>combat titanesque<\/strong> face \u00e0 <strong>Momo Gonzalez<\/strong> et <strong>Jon Sanz<\/strong>. Score final : <strong>6\/3 6\/7 7\/6<\/strong>, au terme de <strong>2h24 de jeu<\/strong>.<\/p>\n<p>Un quart de finale d\u2019une intensit\u00e9 folle<\/p>\n<p>Tout avait pourtant bien commenc\u00e9 pour les num\u00e9ros 1 mondiaux, qui ont pris<strong> le premier set 6\/3<\/strong> gr\u00e2ce \u00e0 un d\u00e9marrage solide. Mais<strong> Gonzalez et Sanz<\/strong>, s\u00fbrement lib\u00e9r\u00e9s de ne plus avoir rien \u00e0 perdre, ont \u00e9lev\u00e9 leur niveau pour recoller en empochant le <strong>deuxi\u00e8me set au tie-break (7\/6)<\/strong>.<\/p>\n<p>Le troisi\u00e8me set a \u00e9t\u00e9 un <strong>v\u00e9ritable bras de fer<\/strong>, avec des \u00e9changes ultra-physiques, des points exceptionnels\u2026 et <strong>deux balles de match sauv\u00e9es par Coello\/Tapia<\/strong> dans le tie-break final, avant qu\u2019ils ne concluent finalement <strong>13\/11<\/strong> pour empocher ce tie-break compl\u00e8tement irrespirable.<\/p>\n<p><img title=\"coello tapia premier padell P2 | Padel Magazine\" decoding=\"async\" src=\"https:\/\/www.europesays.com\/fr\/wp-content\/uploads\/2025\/07\/Teo-7.jpg.webp.webp\" alt=\"coello tapia premier padell P2\" class=\"wp-image-263225\"\/>Gonzalez et Sanz sortent la meilleure version d\u2019eux-m\u00eames<\/p>\n<p>Malgr\u00e9 la d\u00e9faite, <strong>Momo Gonzalez et Jon Sanz<\/strong> peuvent sortir avec les honneurs. Leur niveau de jeu, leur intensit\u00e9 d\u00e9fensive et leur combativit\u00e9 sur chaque point ont pouss\u00e9 <strong>Coello et Tapia dans leurs retranchements<\/strong>. <strong>Jon Sanz<\/strong> laisse donc filer <strong>son titre acquis l\u2019ann\u00e9e derni\u00e8re avec Coki Nieto<\/strong>, des points pr\u00e9cieux \u00e0 d\u00e9fendre qui vont \u00e9chapper au puissant gaucher.<\/p>\n<p>Coello &amp; Tapia : un test grandeur nature avant les demies<\/p>\n<p>Pour <strong>Coello et Tapia, ce match est bien plus qu\u2019un simple quart<\/strong> : c\u2019est un <strong>test mental et physique<\/strong> remport\u00e9 dans la douleur, qui leur donnera <strong>encore plus de confiance pour la suite<\/strong>. En demi-finale, ils affronteront <strong>Paquito Navarro et Lucas Bergamini<\/strong> qui sont venus \u00e0 bout de Nieto\/Yanguas et qui vont donc tenter de faire trembler les num\u00e9ros 1 mondiaux.<\/p>\n<p><img loading=\"lazy\" decoding=\"async\" data-del=\"avatar\" alt=\"T\u00e9o Vieau\" src=\"https:\/\/www.europesays.com\/fr\/wp-content\/uploads\/2025\/07\/Capture-decran-2025-06-19-175910-e1750349161910-150x150.jpg.webp.webp\" class=\"avatar pp-user-avatar avatar-100 photo \" height=\"100\" width=\"100\"\/><\/p>\n<p class=\"related-title\">Sur le m\u00eame sujet<\/p>\n","protected":false},"excerpt":{"rendered":"Dans ce qui restera probablement comme l\u2019un des matchs de l\u2019ann\u00e9e, Arturo Coello et Agust\u00edn Tapia ont valid\u00e9&hellip;\n","protected":false},"author":2,"featured_media":229526,"comment_status":"","ping_status":"","sticky":false,"template":"","format":"standard","meta":{"footnotes":""},"categories":[2817],"tags":[1111,11,36047,36048,1997,1777,674,1011,27,36820,36619,12,2219,36394,30680,25],"class_list":{"0":"post-229525","1":"post","2":"type-post","3":"status-publish","4":"format-standard","5":"has-post-thumbnail","7":"category-bordeaux","8":"tag-actu","9":"tag-actualites","10":"tag-agustin-tapia","11":"tag-arturo-coello","12":"tag-bordeaux","13":"tag-eu","14":"tag-europe","15":"tag-fr","16":"tag-france","17":"tag-jon-sanz","18":"tag-momo-gonzalez","19":"tag-news","20":"tag-nouvelle-aquitaine","21":"tag-paquito-navarro","22":"tag-premier-padel-bordeaux-p2","23":"tag-republique-francaise"},"share_on_mastodon":{"url":"https:\/\/pubeurope.com\/@fr\/114804071263268622","error":""},"_links":{"self":[{"href":"https:\/\/www.europesays.com\/fr\/wp-json\/wp\/v2\/posts\/229525","targetHints":{"allow":["GET"]}}],"collection":[{"href":"https:\/\/www.europesays.com\/fr\/wp-json\/wp\/v2\/posts"}],"about":[{"href":"https:\/\/www.europesays.com\/fr\/wp-json\/wp\/v2\/types\/post"}],"author":[{"embeddable":true,"href":"https:\/\/www.europesays.com\/fr\/wp-json\/wp\/v2\/users\/2"}],"replies":[{"embeddable":true,"href":"https:\/\/www.europesays.com\/fr\/wp-json\/wp\/v2\/comments?post=229525"}],"version-history":[{"count":0,"href":"https:\/\/www.europesays.com\/fr\/wp-json\/wp\/v2\/posts\/229525\/revisions"}],"wp:featuredmedia":[{"embeddable":true,"href":"https:\/\/www.europesays.com\/fr\/wp-json\/wp\/v2\/media\/229526"}],"wp:attachment":[{"href":"https:\/\/www.europesays.com\/fr\/wp-json\/wp\/v2\/media?parent=229525"}],"wp:term":[{"taxonomy":"category","embeddable":true,"href":"https:\/\/www.europesays.com\/fr\/wp-json\/wp\/v2\/categories?post=229525"},{"taxonomy":"post_tag","embeddable":true,"href":"https:\/\/www.europesays.com\/fr\/wp-json\/wp\/v2\/tags?post=229525"}],"curies":[{"name":"wp","href":"https:\/\/api.w.org\/{rel}","templated":true}]}}