{"id":229527,"date":"2025-07-06T03:04:14","date_gmt":"2025-07-06T03:04:14","guid":{"rendered":"https:\/\/www.europesays.com\/fr\/229527\/"},"modified":"2025-07-06T03:04:14","modified_gmt":"2025-07-06T03:04:14","slug":"toulouse-en-test-depuis-un-an-la-pietonnisation-de-cette-place-va-etre-perennisee","status":"publish","type":"post","link":"https:\/\/www.europesays.com\/fr\/229527\/","title":{"rendered":"Toulouse. En test depuis un an, la pi\u00e9tonnisation de cette place va \u00eatre p\u00e9rennis\u00e9e"},"content":{"rendered":"<p>            Par<br \/>\n        <strong><br \/>\n            <a href=\"https:\/\/actu.fr\/auteur\/lea-afonso\" title=\"Consulter tous les articles de L\u00e9a Afonso\" rel=\"nofollow noopener\" target=\"_blank\">L\u00e9a Afonso<\/a><br \/>\n        <\/strong><\/p>\n<p>        Publi\u00e9 le<\/p>\n<p>            5 juil. 2025 \u00e0 6h12        <\/p>\n<p><a href=\"https:\/\/actu.fr\/toulouse\/\" rel=\"nofollow noopener\" target=\"_blank\">Actu Toulouse<\/a> <a href=\"https:\/\/actu.fr\/occitanie\/toulouse_31555\/cette-place-est-devenue-entierement-pietonne-a-toulouse-va-t-elle-le-rester_62522594.html\" rel=\"nofollow noopener\" target=\"_blank\">vous en parlait il y a quelques semaines<\/a>, la pi\u00e9tonnisation de la <strong>place de l\u2019Estrapade,<\/strong> situ\u00e9e\u00a0quartier <strong>Saint-Cyprien<\/strong> \u00e9tait en test depuis avril 2024. En ce d\u00e9but juillet 2025, suite \u00e0 une consultation publique et diverses r\u00e9unions de quartier, elle devient <strong>100\u2009% pi\u00e9tonne<\/strong>. Ce qu\u2019il faut savoir.<\/p>\n<p>Une pi\u00e9tonnisation adopt\u00e9e<\/p>\n<p class=\" wall-content\">\u00ab<strong>\u2009Le bilan est tr\u00e8s positif<\/strong>\u2009\u00bb, se r\u00e9jouissait Jean-Paul Bouche, maire de quartier en avril dernier. Effectivement, alors que l\u2019exp\u00e9rimentation datait d\u2019un an, elle \u00e9tait plus que bien per\u00e7ue dans le quartier, et m\u00eame concluante. Des avis qui ont pouss\u00e9 la mairie de Toulouse, en accord avec les riverains, \u00e0 adopter une<strong> pi\u00e9tonnisation plus p\u00e9renne,<\/strong> d\u00e9finitive pour cette place, comme le confirme la mairie de la ville \u00e0 Actu Toulouse ce jeudi 3 juillet 2025.<\/p>\n<p class=\" wall-content\">Rappelons que c\u2019est un projet sur lequel les Toulousains \u00e9taient amen\u00e9s \u00e0 donner leur avis, notamment sur le site<a href=\"https:\/\/jeparticipe.metropole.toulouse.fr\/processes\/pietonnisation-estrapade?locale=fr\" rel=\"nofollow noopener\" target=\"_blank\"> \u00ab\u2009Je participe\u2009\u00bb<\/a>.<\/p>\n<p>Des am\u00e9nagements \u00e0 venir<\/p>\n<p class=\" wall-content\">Cette pi\u00e9tonnisation va permettre de changer l\u2019aspect de la place. Effectivement, \u00e0 la fin de l\u2019exp\u00e9rimentation, la mairie a propos\u00e9 plusieurs axes d\u2019am\u00e9lioration pour la place\u2009: le visage de ce \u00e0 quoi elle pourrait d\u00e9sormais ressembler.<\/p>\n<p class=\" wall-content\">La <strong>v\u00e9g\u00e9talisation<\/strong> est le point central du projet avec la plantation de nouveaux arbres. Cela passe aussi par un <strong>rev\u00eatement du sol plus clair,<\/strong> une <strong>d\u00e9min\u00e9ralisation<\/strong>, une r\u00e9cup\u00e9ration des eaux de ruissellement pour les v\u00e9g\u00e9taux, le maintien d\u2019une voie de circulation d\u00e9di\u00e9e aux pompiers et livraisons, une liaison cyclable identifi\u00e9e et une s\u00e9curisation de la place en rempla\u00e7ant les barri\u00e8res pr\u00e9sentes.<\/p>\n<p>La p\u00e9rennisation visible, c\u2019est pour quand\u2009?<\/p>\n<p class=\" wall-content\">Alors si c\u2019est act\u00e9, cette place ne reverra plus de voitures, mais les am\u00e9nagements d\u00e9finitifs ne sont pas eux pour tout de suite, malgr\u00e9 les pistes de travail pr\u00e9sent\u00e9es par la mairie. \u00ab\u2009La <strong>situation budg\u00e9taire<\/strong> actuelle n\u2019est<strong> pas favorable<\/strong> \u00e0 ce qu\u2019il y ait des <strong>am\u00e9nagements p\u00e9rennes,<\/strong> du moins dans ce mandat-l\u00e0\u2009\u00bb, expliquait Jean-Paul Bouche \u00e0 Actu Toulouse.<\/p>\n<p class=\" wall-content\">Pour l\u2019heure, la place pourrait donc \u00eatre <strong>am\u00e9lior\u00e9e de fa\u00e7on tactique<\/strong>\u2009: \u00ab\u2009on va changer le d\u00e9cor de la place, parce que certains se plaignent des gros blocs de b\u00e9ton. \u00c0 la place, nous allons mettre des jardini\u00e8res. Les commer\u00e7ants sont m\u00eame pr\u00eats \u00e0 s\u2019engager pour arroser ces plantes (par conventions)\u2009\u00bb, terminait le maire de quartier.<\/p>\n<p class=\" wall-content\">Suivez toute l\u2019actualit\u00e9 de vos villes et m\u00e9dias favoris en vous inscrivant \u00e0 <a href=\"https:\/\/moncompte.actu.fr\" title=\"D\u00e9couvez Mon Actu\" rel=\"nofollow noopener\" data-trk=\"{&quot;cta&quot;:{&quot;action&quot;:&quot;https:\\\/\\\/moncompte.actu.fr&quot;,&quot;category&quot;:&quot;mon compte&quot;,&quot;from&quot;:&quot;article footer&quot;,&quot;name&quot;:&quot;Mon actu&quot;,&quot;type&quot;:&quot;cta&quot;}}\" target=\"_blank\">Mon Actu<\/a>.<\/p>\n","protected":false},"excerpt":{"rendered":"Par L\u00e9a Afonso Publi\u00e9 le 5 juil. 2025 \u00e0 6h12 Actu Toulouse vous en parlait il y a&hellip;\n","protected":false},"author":2,"featured_media":229528,"comment_status":"","ping_status":"","sticky":false,"template":"","format":"standard","meta":{"footnotes":""},"categories":[2816],"tags":[1111,11,1777,674,1011,27,12,2680,25,104,2312,1352],"class_list":{"0":"post-229527","1":"post","2":"type-post","3":"status-publish","4":"format-standard","5":"has-post-thumbnail","7":"category-toulouse","8":"tag-actu","9":"tag-actualites","10":"tag-eu","11":"tag-europe","12":"tag-fr","13":"tag-france","14":"tag-news","15":"tag-occitanie","16":"tag-republique-francaise","17":"tag-societe","18":"tag-toulouse","19":"tag-urbanisme"},"share_on_mastodon":{"url":"https:\/\/pubeurope.com\/@fr\/114804075558709868","error":""},"_links":{"self":[{"href":"https:\/\/www.europesays.com\/fr\/wp-json\/wp\/v2\/posts\/229527","targetHints":{"allow":["GET"]}}],"collection":[{"href":"https:\/\/www.europesays.com\/fr\/wp-json\/wp\/v2\/posts"}],"about":[{"href":"https:\/\/www.europesays.com\/fr\/wp-json\/wp\/v2\/types\/post"}],"author":[{"embeddable":true,"href":"https:\/\/www.europesays.com\/fr\/wp-json\/wp\/v2\/users\/2"}],"replies":[{"embeddable":true,"href":"https:\/\/www.europesays.com\/fr\/wp-json\/wp\/v2\/comments?post=229527"}],"version-history":[{"count":0,"href":"https:\/\/www.europesays.com\/fr\/wp-json\/wp\/v2\/posts\/229527\/revisions"}],"wp:featuredmedia":[{"embeddable":true,"href":"https:\/\/www.europesays.com\/fr\/wp-json\/wp\/v2\/media\/229528"}],"wp:attachment":[{"href":"https:\/\/www.europesays.com\/fr\/wp-json\/wp\/v2\/media?parent=229527"}],"wp:term":[{"taxonomy":"category","embeddable":true,"href":"https:\/\/www.europesays.com\/fr\/wp-json\/wp\/v2\/categories?post=229527"},{"taxonomy":"post_tag","embeddable":true,"href":"https:\/\/www.europesays.com\/fr\/wp-json\/wp\/v2\/tags?post=229527"}],"curies":[{"name":"wp","href":"https:\/\/api.w.org\/{rel}","templated":true}]}}