{"id":229536,"date":"2025-07-06T03:10:10","date_gmt":"2025-07-06T03:10:10","guid":{"rendered":"https:\/\/www.europesays.com\/fr\/229536\/"},"modified":"2025-07-06T03:10:10","modified_gmt":"2025-07-06T03:10:10","slug":"metropole-de-lyon-il-tente-detouffer-sa-femme-la-police-arrive-a-temps","status":"publish","type":"post","link":"https:\/\/www.europesays.com\/fr\/229536\/","title":{"rendered":"M\u00e9tropole de Lyon : il tente d&rsquo;\u00e9touffer sa femme, la police arrive \u00e0 temps !"},"content":{"rendered":"<p>Un drame a \u00e9t\u00e9 \u00e9vit\u00e9 de justesse dimanche dernier, 1er novembre, \u00e0 Meyzieu, lors d&rsquo;une nouvelle affaire de violence conjugale.<\/p>\n<p>Les policiers ont \u00e9t\u00e9 pr\u00e9venus pour des appels au secours provenant d&rsquo;un appartement.<\/p>\n<p>Au t\u00e9l\u00e9phone, une femme demande de l&rsquo;aide, en hurlant \u00ab\u00a0sous les coups qu&rsquo;elle semblait recevoir\u00a0\u00bb, selon la police.<\/p>\n<p>Arriv\u00e9s sur place au plus vite, les policiers ont enfonc\u00e9 la porte et d\u00e9couvrent alors une sc\u00e8ne effroyable : l&rsquo;homme \u00e9tait en train de tenter d&rsquo;\u00e9touffer sa femme, en la maintenant sur le lit.<\/p>\n<p>Plac\u00e9 en garde \u00e0 vue et auditionn\u00e9 par les enqu\u00eateurs, le quadrag\u00e9naire a d\u00e9clar\u00e9 avoir agi en \u00e9tat d&rsquo;ivresse. Il \u00e9tait d\u00e9j\u00e0 bien connu des services de police.<\/p>\n<p>Pr\u00e9sent\u00e9 au parquet mardi, il a \u00e9t\u00e9 condamn\u00e9 \u00e0 18 mois d&#8217;emprisonnement, dont 6 mois ferme, et imm\u00e9diatement \u00e9crou\u00e9.<\/p>\n<p><\/p>\n","protected":false},"excerpt":{"rendered":"Un drame a \u00e9t\u00e9 \u00e9vit\u00e9 de justesse dimanche dernier, 1er novembre, \u00e0 Meyzieu, lors d&rsquo;une nouvelle affaire de&hellip;\n","protected":false},"author":2,"featured_media":229537,"comment_status":"","ping_status":"","sticky":false,"template":"","format":"standard","meta":{"footnotes":""},"categories":[1889],"tags":[1111,11,2430,36821,13706,1777,674,1294,1011,27,2428,12497,12,1072,25,809],"class_list":{"0":"post-229536","1":"post","2":"type-post","3":"status-publish","4":"format-standard","5":"has-post-thumbnail","7":"category-lyon","8":"tag-actu","9":"tag-actualites","10":"tag-auvergne-rhone-alpes","11":"tag-conjugale","12":"tag-dcines","13":"tag-eu","14":"tag-europe","15":"tag-femme","16":"tag-fr","17":"tag-france","18":"tag-lyon","19":"tag-meyzieu","20":"tag-news","21":"tag-police","22":"tag-republique-francaise","23":"tag-violence"},"share_on_mastodon":{"url":"https:\/\/pubeurope.com\/@fr\/114804098624738311","error":""},"_links":{"self":[{"href":"https:\/\/www.europesays.com\/fr\/wp-json\/wp\/v2\/posts\/229536","targetHints":{"allow":["GET"]}}],"collection":[{"href":"https:\/\/www.europesays.com\/fr\/wp-json\/wp\/v2\/posts"}],"about":[{"href":"https:\/\/www.europesays.com\/fr\/wp-json\/wp\/v2\/types\/post"}],"author":[{"embeddable":true,"href":"https:\/\/www.europesays.com\/fr\/wp-json\/wp\/v2\/users\/2"}],"replies":[{"embeddable":true,"href":"https:\/\/www.europesays.com\/fr\/wp-json\/wp\/v2\/comments?post=229536"}],"version-history":[{"count":0,"href":"https:\/\/www.europesays.com\/fr\/wp-json\/wp\/v2\/posts\/229536\/revisions"}],"wp:featuredmedia":[{"embeddable":true,"href":"https:\/\/www.europesays.com\/fr\/wp-json\/wp\/v2\/media\/229537"}],"wp:attachment":[{"href":"https:\/\/www.europesays.com\/fr\/wp-json\/wp\/v2\/media?parent=229536"}],"wp:term":[{"taxonomy":"category","embeddable":true,"href":"https:\/\/www.europesays.com\/fr\/wp-json\/wp\/v2\/categories?post=229536"},{"taxonomy":"post_tag","embeddable":true,"href":"https:\/\/www.europesays.com\/fr\/wp-json\/wp\/v2\/tags?post=229536"}],"curies":[{"name":"wp","href":"https:\/\/api.w.org\/{rel}","templated":true}]}}