{"id":22954,"date":"2025-04-13T19:50:10","date_gmt":"2025-04-13T19:50:10","guid":{"rendered":"https:\/\/www.europesays.com\/fr\/22954\/"},"modified":"2025-04-13T19:50:10","modified_gmt":"2025-04-13T19:50:10","slug":"ol-feminin-paris-fc-lyon-est-tombe-sur-un-os-2-2-lyonfoot-com","status":"publish","type":"post","link":"https:\/\/www.europesays.com\/fr\/22954\/","title":{"rendered":"OL f\u00e9minin-Paris FC : Lyon est tomb\u00e9 sur un os (2-2) &#8211; lyonfoot.com"},"content":{"rendered":"<ol>\n<li><a href=\"https:\/\/news.google.com\/rss\/articles\/CBMijwFBVV95cUxOTGNwSUZ6cDdCQzBwbWlqTkh6di02ejJ1SzhsNXZhVTlzZ1lEQS1wLUxqNS1WbHJ5bGFjYzNSNnF2cDk5a1FwMlRrR09fN0dkd0pCMFpZMVVWajc5d3JWZnh4VW4td1o3bFhpekxVSFlkNmxVclM2X3Z3dTVWaE42bW9zX1JKZUVvNllqd09kbw?oc=5\" target=\"_blank\" rel=\"noopener\">OL f\u00e9minin-Paris FC : Lyon est tomb\u00e9 sur un os (2-2)<\/a>&nbsp;&nbsp;lyonfoot.com<\/li>\n<li><a href=\"https:\/\/news.google.com\/rss\/articles\/CBMi6wFBVV95cUxOSFpEQmtaYi1uYm9hV0tTNXlxRlZsaXFOaVNLakNqWFBiTDk0WVdaWE1ocDV2S0dCd1lDMGZVRDNNVWFRdlZIQkdfOFN5VUJ2LW5wLTczM21CMmhUN09HN1dzSFl4WWxuemR2aWswRkVMX2JfVHpudTQ5ZkREaTY0NFlBdndCV3V4dE45aTg5N1hjd0kzTjhGWHUzVFptUU1zN0JzRDN4NThtUWFlQVZnekpoLUtIM094UDdSVXlIZWNLSUZvVS1TNHNyYS02Tk5xYXF5RXlJOWkwUTB4ckQ3bllQY0Z5VFZRXzJV?oc=5\" target=\"_blank\" rel=\"noopener\">\u00ab\u00a0J&rsquo;ai \u00e9t\u00e9 attir\u00e9 en voyant l&rsquo;annonce\u00a0\u00bb: une centaine de chiens en tribune pour un \u00ab\u00a0match de wouf\u00a0\u00bb de l&rsquo;OL f\u00e9minin<\/a>&nbsp;&nbsp;BFMTV<\/li>\n<li><a href=\"https:\/\/news.google.com\/rss\/articles\/CBMiogFBVV95cUxOZ1Z2S3R2c0hjS0N6TWlUNVpnMDdpRGl3ZHZocDkwdmNZUDNlU0tfLTZaUWM2Vk1kTllfdm1LZWN0ZFFMUTBVU21Lb1dESC10WUN1NzZEaHZhY2liaEZpUE51ZGhmTGdLam9HZW51cjJVX1IxLXhNaGlZT3FVVXVuQXl0RXBlTm9mRHNLYmt6Y3NHZ1VFYnJZekxtbHhmUFl3M3c?oc=5\" target=\"_blank\" rel=\"noopener\">Amel Majri (OL f\u00e9minin) a bien f\u00eat\u00e9 sa 200e apparition en D1<\/a>&nbsp;&nbsp;Olympique &amp; Lyonnais<\/li>\n<li><a href=\"https:\/\/news.google.com\/rss\/articles\/CBMirAFBVV95cUxPMEctSUxWX0RyZWdxdGx1Z0FIeVo0U2VOM2NZQmRKNGxvUHVTVlM0WFRPQk5iend3bFpGTmdaSnN4elZHaVo0SjZOS2RQYVRZd2x6eGFqYTR4Tl9lUnl0UGVvS2VZWWU1d3RPLTBpelBwc01ydzNCdF9UUG9EbWJUUWtxTEJHckxxaWQ1MldrZHphWVB4Umx4cmtVMlFCX2V0QVJuckpndFlmbkx1?oc=5\" target=\"_blank\" rel=\"noopener\">Lyon (F) 2-2 Paris FC (F), Arkema Premi\u00e8re Ligue (F) : les Fenottes accroch\u00e9es \u00e0 domicile<\/a>&nbsp;&nbsp;L&rsquo;\u00c9quipe<\/li>\n<li><a href=\"https:\/\/news.google.com\/rss\/articles\/CBMixgFBVV95cUxPa3lyY2Fod0NfUHM2ZzRUT3NxMGdpWGxPbTRZWlJPSlFCOVRhUGlCcUFYYjdWUldlVmx5bjl6SXdJc3dJSWF5UHdxckEyenJobVVHNGxzc2lwREpscnZYRkROSHBiN09mWWRZcFNjalFFZmNxMlJNOHVsTVJ3dVZ0N3BjNXpPam9UNU1tZlBsbzd3cVdGZjg1elZWOV9hX0lSOGFndHF5cHpBcDIyaGNxYVFObHVpRVNxdUhsbFkyYnZxUWVubUHSAcQBQVVfeXFMUHlVQXU2OVRCRGxYeFc0eVZzRmtlWDRFenQ2aFhsUjhCbzhmdHZWMnNmUlg4b1RNWWlkMzN3UzlkVTBnZWdRWXVMWXd1dTJXUDA3cHppUGJDUEpNM3NJVm04WmdBbV9meFNORUVKOVhiSWlkS0Z4WlpnNTVtRG9hMlhncGNnLTJOVGpqdk90dldhN1N6UTNsMFBQWVBvZk5HRkhYMUJWMksyUHN5c29KYUdrNUtWZFh3ZnRja1NLRGZJRHNXQw?oc=5\" target=\"_blank\" rel=\"noopener\">Arkema Premi\u00e8re Ligue (J20) : Lyon frein\u00e9 par le PFC<\/a>&nbsp;&nbsp;Orange Actualit\u00e9s | Sports<\/li>\n<\/ol>\n","protected":false},"excerpt":{"rendered":"OL f\u00e9minin-Paris FC : Lyon est tomb\u00e9 sur un os (2-2)&nbsp;&nbsp;lyonfoot.com \u00ab\u00a0J&rsquo;ai \u00e9t\u00e9 attir\u00e9 en voyant l&rsquo;annonce\u00a0\u00bb: une&hellip;\n","protected":false},"author":2,"featured_media":22955,"comment_status":"","ping_status":"","sticky":false,"template":"","format":"standard","meta":{"footnotes":""},"categories":[9],"tags":[1111,11,2813,1109,1112,2257,1011,27,1922,1110,1114,2851,241,517,60],"class_list":{"0":"post-22954","1":"post","2":"type-post","3":"status-publish","4":"format-standard","5":"has-post-thumbnail","7":"category-sports","8":"tag-actu","9":"tag-actualites","10":"tag-article","11":"tag-breves","12":"tag-depeches","13":"tag-foot","14":"tag-fr","15":"tag-france","16":"tag-info","17":"tag-informations","18":"tag-infos","19":"tag-lyonfoot","20":"tag-ol","21":"tag-sport","22":"tag-sports"},"share_on_mastodon":{"url":"https:\/\/pubeurope.com\/@fr\/114332396886058484","error":""},"_links":{"self":[{"href":"https:\/\/www.europesays.com\/fr\/wp-json\/wp\/v2\/posts\/22954","targetHints":{"allow":["GET"]}}],"collection":[{"href":"https:\/\/www.europesays.com\/fr\/wp-json\/wp\/v2\/posts"}],"about":[{"href":"https:\/\/www.europesays.com\/fr\/wp-json\/wp\/v2\/types\/post"}],"author":[{"embeddable":true,"href":"https:\/\/www.europesays.com\/fr\/wp-json\/wp\/v2\/users\/2"}],"replies":[{"embeddable":true,"href":"https:\/\/www.europesays.com\/fr\/wp-json\/wp\/v2\/comments?post=22954"}],"version-history":[{"count":0,"href":"https:\/\/www.europesays.com\/fr\/wp-json\/wp\/v2\/posts\/22954\/revisions"}],"wp:featuredmedia":[{"embeddable":true,"href":"https:\/\/www.europesays.com\/fr\/wp-json\/wp\/v2\/media\/22955"}],"wp:attachment":[{"href":"https:\/\/www.europesays.com\/fr\/wp-json\/wp\/v2\/media?parent=22954"}],"wp:term":[{"taxonomy":"category","embeddable":true,"href":"https:\/\/www.europesays.com\/fr\/wp-json\/wp\/v2\/categories?post=22954"},{"taxonomy":"post_tag","embeddable":true,"href":"https:\/\/www.europesays.com\/fr\/wp-json\/wp\/v2\/tags?post=22954"}],"curies":[{"name":"wp","href":"https:\/\/api.w.org\/{rel}","templated":true}]}}