{"id":229556,"date":"2025-07-06T03:22:14","date_gmt":"2025-07-06T03:22:14","guid":{"rendered":"https:\/\/www.europesays.com\/fr\/229556\/"},"modified":"2025-07-06T03:22:14","modified_gmt":"2025-07-06T03:22:14","slug":"lallemagne-perd-dentree-sa-capitaine-giulia-gwinn-blessee","status":"publish","type":"post","link":"https:\/\/www.europesays.com\/fr\/229556\/","title":{"rendered":"L&rsquo;Allemagne perd d&rsquo;entr\u00e9e sa capitaine Giulia Gwinn, bless\u00e9e"},"content":{"rendered":"<p>Quel coup dur pour l\u2019Allemagne et quelle tristesse pour Giulia Gwinn. Glissant \u00e0 la 39e au duel et retombant mal sur le genou, la capitaine allemande s\u2019est rompu le ligament crois\u00e9.<\/p>\n<p>C\u2019est d\u00e9j\u00e0 l\u2019une des stars de l\u2019Euro f\u00e9minin qui a vu sa comp\u00e9tition prendre fin, apr\u00e8s seulement 40 minutes, et \u00e0 cause d\u2019un tacle solide sur Ewa Pajor. Giulia Gwinn, qui avait f\u00eat\u00e9 ses 26 ans deux jours auparavant, a tent\u00e9 de revenir sur le terrain apr\u00e8s quelques soins. <\/p>\n<p class=\"has-background\" style=\"background-color:#eeeeee\">\u00c0 lire aussi : <a href=\"https:\/\/footeuses.com\/euro-2025-une-pologne-courageuse-cede-face-a-la-rigueur-allemande\/\" rel=\"nofollow noopener\" target=\"_blank\">Euro 2025 : une Pologne courageuse c\u00e8de face \u00e0 la rigueur allemande<\/a><\/p>\n<p>Mais impossible. Elle a d\u00fb s\u2019arr\u00eater, en larmes. Le verdict est glacial. Rupture du ligament crois\u00e9. C\u2019est la troisi\u00e8me fois pour l\u2019arri\u00e8re droite du Bayern Munich, qui ne jouera donc plus avec l\u2019Allemagne dans ce tournoi. Une s\u00e9lection allemande qui a dispos\u00e9 de la Pologne (2-0) mais qui a donc perdu gros ce 4 juillet \u00e0 Saint-Gall. <\/p>\n<p class=\"has-text-align-right\">Photo \u00a9Bayern Munich<\/p>\n","protected":false},"excerpt":{"rendered":"Quel coup dur pour l\u2019Allemagne et quelle tristesse pour Giulia Gwinn. Glissant \u00e0 la 39e au duel et&hellip;\n","protected":false},"author":2,"featured_media":229557,"comment_status":"","ping_status":"","sticky":false,"template":"","format":"standard","meta":{"footnotes":""},"categories":[1587],"tags":[11,672,1804,1805,1803,1777,674,1801,12,1802],"class_list":{"0":"post-229556","1":"post","2":"type-post","3":"status-publish","4":"format-standard","5":"has-post-thumbnail","7":"category-allemagne","8":"tag-actualites","9":"tag-allemagne","10":"tag-bundesrepublik-deutschland","11":"tag-de","12":"tag-deutschland","13":"tag-eu","14":"tag-europe","15":"tag-germany","16":"tag-news","17":"tag-republique-federale-dallemagne"},"share_on_mastodon":{"url":"https:\/\/pubeurope.com\/@fr\/114804145724815425","error":""},"_links":{"self":[{"href":"https:\/\/www.europesays.com\/fr\/wp-json\/wp\/v2\/posts\/229556","targetHints":{"allow":["GET"]}}],"collection":[{"href":"https:\/\/www.europesays.com\/fr\/wp-json\/wp\/v2\/posts"}],"about":[{"href":"https:\/\/www.europesays.com\/fr\/wp-json\/wp\/v2\/types\/post"}],"author":[{"embeddable":true,"href":"https:\/\/www.europesays.com\/fr\/wp-json\/wp\/v2\/users\/2"}],"replies":[{"embeddable":true,"href":"https:\/\/www.europesays.com\/fr\/wp-json\/wp\/v2\/comments?post=229556"}],"version-history":[{"count":0,"href":"https:\/\/www.europesays.com\/fr\/wp-json\/wp\/v2\/posts\/229556\/revisions"}],"wp:featuredmedia":[{"embeddable":true,"href":"https:\/\/www.europesays.com\/fr\/wp-json\/wp\/v2\/media\/229557"}],"wp:attachment":[{"href":"https:\/\/www.europesays.com\/fr\/wp-json\/wp\/v2\/media?parent=229556"}],"wp:term":[{"taxonomy":"category","embeddable":true,"href":"https:\/\/www.europesays.com\/fr\/wp-json\/wp\/v2\/categories?post=229556"},{"taxonomy":"post_tag","embeddable":true,"href":"https:\/\/www.europesays.com\/fr\/wp-json\/wp\/v2\/tags?post=229556"}],"curies":[{"name":"wp","href":"https:\/\/api.w.org\/{rel}","templated":true}]}}