{"id":229603,"date":"2025-07-06T03:54:30","date_gmt":"2025-07-06T03:54:30","guid":{"rendered":"https:\/\/www.europesays.com\/fr\/229603\/"},"modified":"2025-07-06T03:54:30","modified_gmt":"2025-07-06T03:54:30","slug":"nancy-lycee-saint-dominique-bac-2025-mention-tres-bien-maude-miailhe-lei-17-ans-bac-general","status":"publish","type":"post","link":"https:\/\/www.europesays.com\/fr\/229603\/","title":{"rendered":"Nancy, lyc\u00e9e Saint-Dominique | Bac 2025 Mention Tr\u00e8s Bien. Maude Miailhe-Lei, 17 ans, bac g\u00e9n\u00e9ral"},"content":{"rendered":"<p>Maude Miailhe-Lei, 17 ans, r\u00e9sidant \u00e0 Nancy, a d\u00e9croch\u00e9 son bac g\u00e9n\u00e9ral maths physique, option chinois, avec mention tr\u00e8s bien et une moyenne de 16. Passionn\u00e9e par les math\u00e9matiques, elle a obtenu la note de 20 au Grand oral. Elle joue du violon au conservatoire et pratique le jogging et la randonn\u00e9e. Cet \u00e9t\u00e9, elle participera \u00e0 un camp scout dans les Vosges puis \u00e0 un grand rassemblement \u00e0 Jambville. Elle envisage de poursuivre des \u00e9tudes de m\u00e9decine via le PASS et aspire \u00e0 devenir urgentiste.<\/p>\n<p>\u270e R\u00e9dig\u00e9 avec l&rsquo;aide d&rsquo;outils IA et v\u00e9rifi\u00e9 par un journaliste \ud83d\udec8 En savoir plus avec la charte IA d&rsquo;Ebra.<\/p>\n","protected":false},"excerpt":{"rendered":"Maude Miailhe-Lei, 17 ans, r\u00e9sidant \u00e0 Nancy, a d\u00e9croch\u00e9 son bac g\u00e9n\u00e9ral maths physique, option chinois, avec mention&hellip;\n","protected":false},"author":2,"featured_media":229604,"comment_status":"","ping_status":"","sticky":false,"template":"","format":"standard","meta":{"footnotes":""},"categories":[9635],"tags":[1111,11,36609,1704,1057,1777,674,10961,1011,27,775,1702,1703,12,25],"class_list":{"0":"post-229603","1":"post","2":"type-post","3":"status-publish","4":"format-standard","5":"has-post-thumbnail","7":"category-nancy","8":"tag-actu","9":"tag-actualites","10":"tag-baccalaureat-mention-tres-bien","11":"tag-edition-nancy-et-agglomeration","12":"tag-education","13":"tag-eu","14":"tag-europe","15":"tag-examen-diplome","16":"tag-fr","17":"tag-france","18":"tag-grand-est","19":"tag-nancy","20":"tag-nancy-ville-54b","21":"tag-news","22":"tag-republique-francaise"},"share_on_mastodon":{"url":"https:\/\/pubeurope.com\/@fr\/114804271546544800","error":""},"_links":{"self":[{"href":"https:\/\/www.europesays.com\/fr\/wp-json\/wp\/v2\/posts\/229603","targetHints":{"allow":["GET"]}}],"collection":[{"href":"https:\/\/www.europesays.com\/fr\/wp-json\/wp\/v2\/posts"}],"about":[{"href":"https:\/\/www.europesays.com\/fr\/wp-json\/wp\/v2\/types\/post"}],"author":[{"embeddable":true,"href":"https:\/\/www.europesays.com\/fr\/wp-json\/wp\/v2\/users\/2"}],"replies":[{"embeddable":true,"href":"https:\/\/www.europesays.com\/fr\/wp-json\/wp\/v2\/comments?post=229603"}],"version-history":[{"count":0,"href":"https:\/\/www.europesays.com\/fr\/wp-json\/wp\/v2\/posts\/229603\/revisions"}],"wp:featuredmedia":[{"embeddable":true,"href":"https:\/\/www.europesays.com\/fr\/wp-json\/wp\/v2\/media\/229604"}],"wp:attachment":[{"href":"https:\/\/www.europesays.com\/fr\/wp-json\/wp\/v2\/media?parent=229603"}],"wp:term":[{"taxonomy":"category","embeddable":true,"href":"https:\/\/www.europesays.com\/fr\/wp-json\/wp\/v2\/categories?post=229603"},{"taxonomy":"post_tag","embeddable":true,"href":"https:\/\/www.europesays.com\/fr\/wp-json\/wp\/v2\/tags?post=229603"}],"curies":[{"name":"wp","href":"https:\/\/api.w.org\/{rel}","templated":true}]}}