{"id":229621,"date":"2025-07-06T04:13:20","date_gmt":"2025-07-06T04:13:20","guid":{"rendered":"https:\/\/www.europesays.com\/fr\/229621\/"},"modified":"2025-07-06T04:13:20","modified_gmt":"2025-07-06T04:13:20","slug":"ari-sanchez-blessee-a-la-jambe-ses-larmes-a-bordeaux-prennent-tout-leur-sens","status":"publish","type":"post","link":"https:\/\/www.europesays.com\/fr\/229621\/","title":{"rendered":"Ari S\u00e1nchez bless\u00e9e \u00e0 la jambe : ses larmes \u00e0 Bordeaux prennent tout leur sens"},"content":{"rendered":"<p>L\u2019image avait marqu\u00e9 les spectateurs du Bordeaux Premier Padel P2 : <strong>Ariana S\u00e1nchez<\/strong>, en larmes apr\u00e8s une d\u00e9faite exp\u00e9ditive en quart de finale face \u00e0 Jensen \/ Alonso, visiblement diminu\u00e9e, incapable de d\u00e9fendre ses chances comme \u00e0 son habitude. <strong>La joueuse espagnole a pris la parole<\/strong> sur Instagram pour expliquer ce qu\u2019il s\u2019est r\u00e9ellement pass\u00e9.<\/p>\n<p>Une g\u00eane survenue \u00e0 l\u2019entra\u00eenement<\/p>\n<p>Dans une story publi\u00e9e \u00e0 ses abonn\u00e9s, Ari S\u00e1nchez a confi\u00e9 :<br \/><strong>\u00ab Mercredi \u00e0 l\u2019entra\u00eenement, j\u2019ai ressenti une g\u00eane \u00e0 la jambe. J\u2019ai voulu essayer jusqu\u2019au bout, mais j\u2019\u00e9tais tr\u00e8s limit\u00e9e. \u00bb<\/strong><\/p>\n<p>Avant de conclure :<br \/><strong>\u00ab Maintenant, place \u00e0 la r\u00e9cup\u00e9ration. On se voit \u00e0 Malaga. \u00bb<\/strong><\/p>\n<p>Pas de diagnostic pr\u00e9cis\u2026 mais une vraie inqui\u00e9tude<\/p>\n<p>Si Ariana S\u00e1nchez \u00e9voque une \u201cg\u00eane\u201d, aucun diagnostic pr\u00e9cis n\u2019a pour l\u2019instant \u00e9t\u00e9 communiqu\u00e9 par son \u00e9quipe. La localisation exacte de la douleur, sa nature (musculaire ? tendineuse ?), ou son degr\u00e9 de gravit\u00e9 restent inconnus.<\/p>\n<p>Les <strong>larmes \u00e0 la fin du match<\/strong> prennent aujourd\u2019hui un autre sens : elles traduisaient peut-\u00eatre <strong>autant de la nervosit\u00e9 que la peur de voir l\u2019\u00e9tat empirer<\/strong>. On avait d\u00e9j\u00e0 pu observer la num\u00e9ro 1 mondiale se prendre la t\u00eate dans la serviette d\u00e8s la fin du premier set, le regard perdu, pendant qu\u2019un membre du staff m\u00e9dical l\u2019interrogeait discr\u00e8tement.<\/p>\n<blockquote class=\"instagram-media\" data-instgrm-permalink=\"https:\/\/www.instagram.com\/p\/DLseZibN2rL\/?utm_source=ig_embed&amp;utm_campaign=loading\" data-instgrm-version=\"14\" style=\" background:#FFF; border:0; border-radius:3px; box-shadow:0 0 1px 0 rgba(0,0,0,0.5),0 1px 10px 0 rgba(0,0,0,0.15); margin: 1px; max-width:540px; min-width:326px; padding:0; width:99.375%; width:-webkit-calc(100% - 2px); width:calc(100% - 2px);\"\/><p>  Malaga dans 10 jours : le contre-la-montre est lanc\u00e9<\/p>\n<p>Le circuit Premier Padel encha\u00eene les comp\u00e9titions \u00e0 un rythme soutenu. Apr\u00e8s une <strong>semaine \u00e9prouvante \u00e0 Valladolid<\/strong>, disput\u00e9e sous pr\u00e8s de 40\u00b0C et marqu\u00e9e par la blessure de Delfi Brea, c\u2019est au tour d\u2019Ari S\u00e1nchez d\u2019en subir les cons\u00e9quences physiques.<\/p>\n<p>Heureusement pour elle, le <strong>P1 de Malaga ne d\u00e9bute que dans dix jours<\/strong>, ce qui laisse <strong>un d\u00e9lai de repos et de soins non n\u00e9gligeable<\/strong>, m\u00eame si la prudence reste de mise.<\/p>\n<p>Une saison de plus en plus exigeante physiquement<\/p>\n<p>Ce nouvel \u00e9pisode illustre encore une fois combien <strong>le calendrier 2025 est exigeant<\/strong>, notamment pour les joueuses du top mondial. En quelques semaines seulement, plusieurs alertes physiques majeures ont \u00e9t\u00e9 recens\u00e9es : Paula Josemar\u00eda en mai, Delfi Brea \u00e0 Valladolid, et d\u00e9sormais Ari S\u00e1nchez ; et on ne parle des bobos r\u00e9currents chez Bea Gonzalez\u2026<\/p>\n<p><img loading=\"lazy\" decoding=\"async\" data-del=\"avatar\" alt=\"Franck Binisti\" src=\"https:\/\/www.europesays.com\/fr\/wp-content\/uploads\/2025\/07\/Franck-Binisti-Padel-100x100.jpg.webp.webp\" class=\"avatar pp-user-avatar avatar-100 photo \" height=\"100\" width=\"100\"\/><\/p>\n<p>Franck Binisti d\u00e9couvre le padel au Club des Pyramides en 2009 en r\u00e9gion parisienne. Depuis, le padel fait partie de sa vie. Vous le voyez souvent faire le tour de France en allant couvrir les grands \u00e9v\u00e9nements de padel fran\u00e7ais.<\/p>\n<p class=\"related-title\">Sur le m\u00eame sujet<\/p>\n<p><script async src=\"\/\/www.instagram.com\/embed.js\"><\/script><\/p>\n","protected":false},"excerpt":{"rendered":"L\u2019image avait marqu\u00e9 les spectateurs du Bordeaux Premier Padel P2 : Ariana S\u00e1nchez, en larmes apr\u00e8s une d\u00e9faite&hellip;\n","protected":false},"author":2,"featured_media":229622,"comment_status":"","ping_status":"","sticky":false,"template":"","format":"standard","meta":{"footnotes":""},"categories":[2817],"tags":[1111,11,36513,1431,1997,1777,674,1011,27,12,2219,30680,25],"class_list":{"0":"post-229621","1":"post","2":"type-post","3":"status-publish","4":"format-standard","5":"has-post-thumbnail","7":"category-bordeaux","8":"tag-actu","9":"tag-actualites","10":"tag-ariana-sanchez","11":"tag-blessure","12":"tag-bordeaux","13":"tag-eu","14":"tag-europe","15":"tag-fr","16":"tag-france","17":"tag-news","18":"tag-nouvelle-aquitaine","19":"tag-premier-padel-bordeaux-p2","20":"tag-republique-francaise"},"share_on_mastodon":{"url":"https:\/\/pubeurope.com\/@fr\/114804346262922487","error":""},"_links":{"self":[{"href":"https:\/\/www.europesays.com\/fr\/wp-json\/wp\/v2\/posts\/229621","targetHints":{"allow":["GET"]}}],"collection":[{"href":"https:\/\/www.europesays.com\/fr\/wp-json\/wp\/v2\/posts"}],"about":[{"href":"https:\/\/www.europesays.com\/fr\/wp-json\/wp\/v2\/types\/post"}],"author":[{"embeddable":true,"href":"https:\/\/www.europesays.com\/fr\/wp-json\/wp\/v2\/users\/2"}],"replies":[{"embeddable":true,"href":"https:\/\/www.europesays.com\/fr\/wp-json\/wp\/v2\/comments?post=229621"}],"version-history":[{"count":0,"href":"https:\/\/www.europesays.com\/fr\/wp-json\/wp\/v2\/posts\/229621\/revisions"}],"wp:featuredmedia":[{"embeddable":true,"href":"https:\/\/www.europesays.com\/fr\/wp-json\/wp\/v2\/media\/229622"}],"wp:attachment":[{"href":"https:\/\/www.europesays.com\/fr\/wp-json\/wp\/v2\/media?parent=229621"}],"wp:term":[{"taxonomy":"category","embeddable":true,"href":"https:\/\/www.europesays.com\/fr\/wp-json\/wp\/v2\/categories?post=229621"},{"taxonomy":"post_tag","embeddable":true,"href":"https:\/\/www.europesays.com\/fr\/wp-json\/wp\/v2\/tags?post=229621"}],"curies":[{"name":"wp","href":"https:\/\/api.w.org\/{rel}","templated":true}]}}