{"id":229625,"date":"2025-07-06T04:15:12","date_gmt":"2025-07-06T04:15:12","guid":{"rendered":"https:\/\/www.europesays.com\/fr\/229625\/"},"modified":"2025-07-06T04:15:12","modified_gmt":"2025-07-06T04:15:12","slug":"anciens-solene-champagnac-rejoint-le-toulouse-football-club","status":"publish","type":"post","link":"https:\/\/www.europesays.com\/fr\/229625\/","title":{"rendered":"[Anciens] Sol\u00e8ne Champagnac rejoint le Toulouse Football Club"},"content":{"rendered":"<p>Form\u00e9e au Montpellier H\u00e9rault Sport Club, o\u00f9 elle a \u00e9t\u00e9 sacr\u00e9e championne de France U19 F\u00e9minine en 2018, Sol\u00e8ne Champagnac continue d\u2019\u00e9crire son histoire dans le football f\u00e9minin. Cette saison, la milieu de terrain h\u00e9raultaise a d\u00e9cid\u00e9 de relever un nouveau d\u00e9fi en rejoignant le Toulouse Football Club, club \u00e9voluant en Seconde Ligue.<\/p>\n<p>Un choix qui s\u2019inscrit dans la continuit\u00e9 de son parcours mais aussi dans celui de ses liens forts avec ses anciennes co\u00e9quipi\u00e8res. En effet, Sol\u00e8ne, la p\u00e9rolienne, ne quitte plus sa meilleure amie et co\u00e9quipi\u00e8re <a href=\"https:\/\/www.allezpaillade.com\/anciens\/fiona-bogi-sengage-avec-le-toulouse-fc\/\" target=\"_blank\" rel=\"noopener\">Fiona Bogi, la cournonterralaise, qui s\u2019est r\u00e9cemment engag\u00e9e avec le TFC<\/a>, venant ainsi renforcer un duo d\u00e9j\u00e0 soud\u00e9.<\/p>\n<p>Apr\u00e8s avoir \u00e9t\u00e9 capitaine de l\u2019AS Saint-\u00c9tienne, Sol\u00e8ne Champagnac fait donc son retour dans le Sud, r\u00e9gion qu\u2019elle conna\u00eet bien, pour apporter son exp\u00e9rience et son leadership \u00e0 un club ambitieux. Le Toulouse Football Club nourrit de grandes ambitions cette saison avec un objectif clair : d\u00e9crocher la mont\u00e9e en Arkema Premi\u00e8re Ligue.<\/p>\n<p>Gr\u00e2ce \u00e0 sa grinta et son sens du jeu, Sol\u00e8ne s\u2019annonce comme un renfort pr\u00e9cieux pour le TFC. Sa pr\u00e9sence va certainement dynamiser l\u2019\u00e9quipe et lui permettre d\u2019aborder ce nouveau challenge avec confiance et d\u00e9termination.<\/p>\n<p>Le Toulouse Football Club peut compter sur cette recrue de choix pour tenter de retrouver l\u2019\u00e9lite du football f\u00e9minin fran\u00e7ais d\u00e8s la prochaine saison.<\/p>\n","protected":false},"excerpt":{"rendered":"Form\u00e9e au Montpellier H\u00e9rault Sport Club, o\u00f9 elle a \u00e9t\u00e9 sacr\u00e9e championne de France U19 F\u00e9minine en 2018,&hellip;\n","protected":false},"author":2,"featured_media":229626,"comment_status":"","ping_status":"","sticky":false,"template":"","format":"standard","meta":{"footnotes":""},"categories":[2816],"tags":[1111,11,8132,1777,674,12300,1011,27,1434,12,2680,25,2312],"class_list":{"0":"post-229625","1":"post","2":"type-post","3":"status-publish","4":"format-standard","5":"has-post-thumbnail","7":"category-toulouse","8":"tag-actu","9":"tag-actualites","10":"tag-anciens","11":"tag-eu","12":"tag-europe","13":"tag-feminines","14":"tag-fr","15":"tag-france","16":"tag-mercato","17":"tag-news","18":"tag-occitanie","19":"tag-republique-francaise","20":"tag-toulouse"},"share_on_mastodon":{"url":"https:\/\/pubeurope.com\/@fr\/114804354137034061","error":""},"_links":{"self":[{"href":"https:\/\/www.europesays.com\/fr\/wp-json\/wp\/v2\/posts\/229625","targetHints":{"allow":["GET"]}}],"collection":[{"href":"https:\/\/www.europesays.com\/fr\/wp-json\/wp\/v2\/posts"}],"about":[{"href":"https:\/\/www.europesays.com\/fr\/wp-json\/wp\/v2\/types\/post"}],"author":[{"embeddable":true,"href":"https:\/\/www.europesays.com\/fr\/wp-json\/wp\/v2\/users\/2"}],"replies":[{"embeddable":true,"href":"https:\/\/www.europesays.com\/fr\/wp-json\/wp\/v2\/comments?post=229625"}],"version-history":[{"count":0,"href":"https:\/\/www.europesays.com\/fr\/wp-json\/wp\/v2\/posts\/229625\/revisions"}],"wp:featuredmedia":[{"embeddable":true,"href":"https:\/\/www.europesays.com\/fr\/wp-json\/wp\/v2\/media\/229626"}],"wp:attachment":[{"href":"https:\/\/www.europesays.com\/fr\/wp-json\/wp\/v2\/media?parent=229625"}],"wp:term":[{"taxonomy":"category","embeddable":true,"href":"https:\/\/www.europesays.com\/fr\/wp-json\/wp\/v2\/categories?post=229625"},{"taxonomy":"post_tag","embeddable":true,"href":"https:\/\/www.europesays.com\/fr\/wp-json\/wp\/v2\/tags?post=229625"}],"curies":[{"name":"wp","href":"https:\/\/api.w.org\/{rel}","templated":true}]}}