{"id":229629,"date":"2025-07-06T04:18:11","date_gmt":"2025-07-06T04:18:11","guid":{"rendered":"https:\/\/www.europesays.com\/fr\/229629\/"},"modified":"2025-07-06T04:18:11","modified_gmt":"2025-07-06T04:18:11","slug":"ce-film-retrace-lhistoire-de-la-ville","status":"publish","type":"post","link":"https:\/\/www.europesays.com\/fr\/229629\/","title":{"rendered":"\u00ab Ce film retrace l\u2019histoire de la ville \u00bb"},"content":{"rendered":"\n<p><b>La Marseillaise<\/b><b>\u00a0<\/b><b>: <\/b><b>C\u2019est quoi l\u2019histoire de Marius et les Gardiens de la Cit\u00e9 phoc\u00e9enne<\/b><b>\u00a0<\/b><b>?<\/b><b\/><\/p>\n<p><b>Nassim Bouguezzi<\/b><b>\u00a0<\/b><b>:<\/b> Marius (Soprano) est un guide touristique \u00e0 Marseille et trois enfants viennent le voir pour trouver un tr\u00e9sor. Il se pr\u00eate au jeu et tout au long du film ils vont se faire courser par des fr\u00e8res et s\u0153ur qui sont m\u00e9chants et dont je fais partie. C\u2019est une chasse au tr\u00e9sor donc on passe par plein d\u2019endroits de Marseille et on raconte la vraie histoire de la ville et \u00e7a c\u2019est extra.<\/p>\n<p><b>Pouvez-vous en dire davantage sur votre r\u00f4le<\/b><b>\u00a0<\/b><b>?<\/b><b\/><\/p>\n<p><b>N.B.<\/b><b>\u00a0<\/b><b>: <\/b>Ce qui est tr\u00e8s int\u00e9ressant d\u2019un point de vue personnel, c\u2019est que c\u2019est un r\u00f4le de m\u00e9chant mais mon personnage est un peu b\u00eate. C\u2019est pas mal inspir\u00e9 des Goonies ou de Maman j\u2019ai rat\u00e9 l\u2019avion. La transformation physique aussi \u00e9tait chouette parce que je suis rest\u00e9 pendant trois mois avec une cr\u00eate \u00e0 Marseille (rires). C\u2019est un r\u00f4le que j\u2019ai aim\u00e9 incarner parce que \u00e7a change de ce que j\u2019ai l\u2019habitude de jouer, certes je suis un m\u00e9chant mais il ne faut pas oublier que c\u2019est une com\u00e9die familiale. Et dernier point, dont je suis tr\u00e8s fier, c\u2019est la premi\u00e8re fois que je suis \u00e0 l\u2019affiche et que je joue l\u2019un des r\u00f4les principaux aux c\u00f4t\u00e9s de l\u00e9gendes.<\/p>\n<p>Le but de ce film est d\u2019\u00eatre \u00e0 l\u2019effigie de Soprano. Quand on va \u00e0 l\u2019un de ses concerts, on a des enfants qui y vont avec leurs grands-parents l\u00e0 c\u2019est pareil. Pour moi c\u2019est l\u2019un des films qui repr\u00e9sente le mieux Marseille. Il faut savoir qu\u2019on est les seuls \u00e0 avoir tourn\u00e9 \u00e0 l\u2019int\u00e9rieur de Notre-Dame de la Garde, il y a peut-\u00eatre Pagnol qui l\u2019a fait mais je ne suis m\u00eame pas s\u00fbr.<\/p>\n<p><b>D\u2019un point de vue plus personnel, qu\u2019est-ce qui t\u2019a amen\u00e9 au cin\u00e9ma<\/b><b>\u00a0<\/b><b>?<\/b><\/p>\n<p><b>N.B.<\/b><b>\u00a0<\/b><b>: <\/b>\u00c0 la base je voulais faire du foot comme tous les jeunes de mon \u00e2ge et \u00e0 16\u00a0ans, Monsieur Chabaud est venu me voir en me disant que j\u2019avais une gueule \u00e0 faire du cin\u00e9ma. Hasard du destin ou pas, une semaine apr\u00e8s je suis all\u00e9 au th\u00e9\u00e2tre avec Malou Khebizi qui a jou\u00e9 dans Diamant Brut et qui est all\u00e9 au C\u00e9sar, on \u00e9tait au lyc\u00e9e ensemble et c\u2019est comme \u00e7a que j\u2019ai commenc\u00e9 \u00e0 faire du th\u00e9\u00e2tre en 2019. J\u2019avais 16\u00a0ans, rien ne me pr\u00e9destinait au cin\u00e9ma ou au th\u00e9\u00e2tre et les choses se sont encha\u00een\u00e9es.<\/p>\n<p><b>R\u00e9alisez-vous tout ce qui vous arrive depuis quelques ann\u00e9es<\/b><b>\u00a0<\/b><b>? <\/b><b\/><\/p>\n<p><b>N.B.<\/b><b>\u00a0<\/b><b>: <\/b>Pas vraiment et en m\u00eame temps je suis trop fier d\u2019en \u00eatre l\u00e0 aujourd\u2019hui. Pour moi c\u2019est vraiment le destin. J\u2019ai pass\u00e9 un bac maths-physique option maths expertes. Fin 1\u00e8re d\u00e9but Terminale on a eu le Covid, j\u2019ai fait partie de la toute premi\u00e8re promo de Kourtrajm\u00e9 j\u2019ai commenc\u00e9 \u00e0 faire de petites apparitions, j\u2019ai eu mon agent&#8230; Quand on m\u2019a appel\u00e9 pour \u00eatre \u00e0 l\u2019affiche aux c\u00f4t\u00e9s de Soprano et des autres je n\u2019y croyais pas\u00a0! Apr\u00e8s je fais en sorte de garder les pieds sur terre par exemple cette ann\u00e9e pour l\u2019instant je n\u2019ai pas boss\u00e9 c\u2019est la r\u00e9alit\u00e9 du m\u00e9tier.<\/p>\n<p><b>Vous prenez la parole concernant le harc\u00e8lement scolaire, c\u2019est quelque chose qui a touch\u00e9<\/b><b>\u00a0<\/b><b>? <\/b><b\/><\/p>\n<p><b>N.B.<\/b><b>\u00a0<\/b><b>: <\/b>Oui tout \u00e0 fait. D\u2019ailleurs cette ann\u00e9e j\u2019ai \u00e9t\u00e9 intervenant dans cinq \u00e9coles pour le Prix Ibrahim-Ali contre le racisme et les discriminations. L\u2019adolescence est une phase compliqu\u00e9e, c\u2019est la p\u00e9riode de notre vie o\u00f9 on est le plus m\u00e9chant sans s\u2019en rendre compte je pense et il faut \u00e9veiller les consciences sur le sujet. Moi j\u2019ai \u00e9t\u00e9 moqu\u00e9 \u00e0 cause de mes cicatrices mais je me rends compte maintenant, dix ans plus tard que je me suis, moi aussi, certainement moqu\u00e9.<\/p>\n<p><b>Vos cicatrices ont \u00e9t\u00e9 moqu\u00e9es mais n\u2019est-ce pas aujourd\u2019hui ce qui fait votre force<\/b><b>\u00a0<\/b><b>? <\/b><b\/><\/p>\n<p><b>N.B.<\/b><b>\u00a0<\/b><b>: <\/b>Oui totalement mes cicatrices au m\u00eame titre que le th\u00e9\u00e2tre m\u2019ont enseign\u00e9 de nombreuses vertus. Le th\u00e9\u00e2tre d\u2019une part a am\u00e9lior\u00e9 ma confiance en moi, la prise de parole, la sociabilit\u00e9 et les cicatrices le fait d\u2019\u00eatre quelqu\u2019un de plus d\u00e9termin\u00e9, j\u2019ai les crocs et je pense que \u00e7a vient de l\u2019adolescence que j\u2019ai eue. D\u00e9sormais je n\u2019ai plus honte de rien, on peut me critiquer autant qu\u2019on veut \u00e7a ne va plus me toucher.<\/p>\n<p><b>Jusqu\u2019\u00e0 pr\u00e9sent vous n\u2019avez incarn\u00e9 que des r\u00f4les de m\u00e9chant, est-ce selon vous d\u00fb \u00e0 votre physique<\/b><b>\u00a0<\/b><b>? Vous n\u2019aimeriez pas changer de registre<\/b><b>\u00a0<\/b><b>? <\/b><b\/><\/p>\n<p><b>N.B.<\/b><b>\u00a0<\/b><b>: <\/b>Peut-\u00eatre que j\u2019incarne moi-m\u00eame un st\u00e9r\u00e9otype. Il ne faut pas se voiler la face, je suis le st\u00e9r\u00e9otype parfait d\u2019un rebeu cicatris\u00e9 de quartier \u00e0 Marseille. Mais ce que j\u2019aimerais c\u2019est pouvoir me travestir. Je voudrais porter une cape et jouer un r\u00f4le qui n\u2019a rien \u00e0 voir avec qui je suis, ce jour-l\u00e0 je pourrai dire que je suis acteur. Pour le moment on va dire que j\u2019essaie d\u2019\u00eatre acteur, j\u2019apprends et j\u2019apprendrai tout au long de ma vie. Je ne veux pas \u00eatre dans la suffisance et dans l\u2019acquisition c\u2019est ce qui me permet de garder les pieds sur terre. Rien que le fait d\u2019\u00eatre Marseillais ce n\u2019est pas facile parce qu\u2019il y a l\u2019accent qui entre en jeu mais je travaille dessus pour pouvoir jouer autre chose qu\u2019un Marseillais justement.<\/p>\n<p><b>Vous \u00eates d\u2019origine tunisienne, Marseille est une ville cosmopolite. Quel regard portez-vous sur la mont\u00e9e des extr\u00eames en France<\/b><b>\u00a0<\/b><b>? <\/b><b\/><\/p>\n<p><b>N.B.<\/b><b>\u00a0<\/b><b>: <\/b>C\u2019est quelque chose que je ne comprends pas et que je ne comprendrai jamais. Je pense que les fascistes stigmatisent les gens en fonction de leur origine. Je crois que c\u2019est aussi de l\u00e0 que viennent les st\u00e9r\u00e9otypes, c\u2019est une sale caricature comme certains peuvent le faire avec Marseille parce qu\u2019on en parle que quand il y a des faits divers. Quand on est Marseillais on ne peut pas accepter les extr\u00eames. Marseille c\u2019est la cosmopolitanie ce qu\u2019on aime dans cette ville c\u2019est \u00eatre tous ensemble, se m\u00e9langer et profiter ensemble. Peu importe d\u2019o\u00f9 l\u2019on vient, on est quand m\u00eame tous fran\u00e7ais et \u00e7a, il ne faut pas l\u2019oublier.<\/p>\n","protected":false},"excerpt":{"rendered":"La Marseillaise\u00a0: C\u2019est quoi l\u2019histoire de Marius et les Gardiens de la Cit\u00e9 phoc\u00e9enne\u00a0? Nassim Bouguezzi\u00a0: Marius (Soprano)&hellip;\n","protected":false},"author":2,"featured_media":229630,"comment_status":"","ping_status":"","sticky":false,"template":"","format":"standard","meta":{"footnotes":""},"categories":[2814],"tags":[1111,11,1777,674,2081,1011,27,884,12,882,25],"class_list":{"0":"post-229629","1":"post","2":"type-post","3":"status-publish","4":"format-standard","5":"has-post-thumbnail","7":"category-marseille","8":"tag-actu","9":"tag-actualites","10":"tag-eu","11":"tag-europe","12":"tag-film","13":"tag-fr","14":"tag-france","15":"tag-marseille","16":"tag-news","17":"tag-provence-alpes-cote-dazur","18":"tag-republique-francaise"},"share_on_mastodon":{"url":"https:\/\/pubeurope.com\/@fr\/114804365974299960","error":""},"_links":{"self":[{"href":"https:\/\/www.europesays.com\/fr\/wp-json\/wp\/v2\/posts\/229629","targetHints":{"allow":["GET"]}}],"collection":[{"href":"https:\/\/www.europesays.com\/fr\/wp-json\/wp\/v2\/posts"}],"about":[{"href":"https:\/\/www.europesays.com\/fr\/wp-json\/wp\/v2\/types\/post"}],"author":[{"embeddable":true,"href":"https:\/\/www.europesays.com\/fr\/wp-json\/wp\/v2\/users\/2"}],"replies":[{"embeddable":true,"href":"https:\/\/www.europesays.com\/fr\/wp-json\/wp\/v2\/comments?post=229629"}],"version-history":[{"count":0,"href":"https:\/\/www.europesays.com\/fr\/wp-json\/wp\/v2\/posts\/229629\/revisions"}],"wp:featuredmedia":[{"embeddable":true,"href":"https:\/\/www.europesays.com\/fr\/wp-json\/wp\/v2\/media\/229630"}],"wp:attachment":[{"href":"https:\/\/www.europesays.com\/fr\/wp-json\/wp\/v2\/media?parent=229629"}],"wp:term":[{"taxonomy":"category","embeddable":true,"href":"https:\/\/www.europesays.com\/fr\/wp-json\/wp\/v2\/categories?post=229629"},{"taxonomy":"post_tag","embeddable":true,"href":"https:\/\/www.europesays.com\/fr\/wp-json\/wp\/v2\/tags?post=229629"}],"curies":[{"name":"wp","href":"https:\/\/api.w.org\/{rel}","templated":true}]}}