{"id":229631,"date":"2025-07-06T04:19:08","date_gmt":"2025-07-06T04:19:08","guid":{"rendered":"https:\/\/www.europesays.com\/fr\/229631\/"},"modified":"2025-07-06T04:19:08","modified_gmt":"2025-07-06T04:19:08","slug":"lemployee-de-la-maire-de-marseille-qui-ne-voulait-plus-vivre-dans-sa-voiture-subit-un-lourd-revers","status":"publish","type":"post","link":"https:\/\/www.europesays.com\/fr\/229631\/","title":{"rendered":"L&#8217;employ\u00e9e de la maire de Marseille qui ne voulait plus \u00ab\u00a0vivre dans sa voiture\u00a0\u00bb subit un lourd revers"},"content":{"rendered":"<p>            Par<br \/>\n        <strong><br \/>\n            <a href=\"https:\/\/actu.fr\/auteur\/redaction-marseille\" title=\"Consulter tous les articles de R\u00e9daction Marseille\" rel=\"nofollow noopener\" target=\"_blank\">R\u00e9daction Marseille<\/a><br \/>\n        <\/strong><\/p>\n<p>        Publi\u00e9 le<\/p>\n<p>            6 juil. 2025 \u00e0 6h04        <\/p>\n<p>La juge des r\u00e9f\u00e9r\u00e9s du tribunal administratif de <a href=\"https:\/\/actu.fr\/marseille\/\" rel=\"nofollow noopener\" target=\"_blank\">Marseille<\/a> (<a href=\"https:\/\/actu.fr\/provence-alpes-cote-d-azur\/bouches-du-rhone_13\" rel=\"nofollow noopener\" target=\"_blank\">Bouches-du-Rh\u00f4ne<\/a>) a d\u00e9bout\u00e9 une nouvelle employ\u00e9e municipale de la Ville, qui avait introduit <strong>un recours en catastrophe pour b\u00e9n\u00e9ficier d\u2019un \u00ab\u2009h\u00e9bergement d\u2019urgence\u2009\u00bb<\/strong>. La requ\u00e9rante \u2013 qui vient de prendre ce poste \u00ab\u2009essentiel pour sa r\u00e9insertion\u2009\u00bb le 1er\u00a0juillet dernier \u2013 l\u2019avait en effet saisie le 15\u00a0juin 2025 dans le cadre d\u2019un r\u00e9f\u00e9r\u00e9-libert\u00e9, une proc\u00e9dure qui vise \u00e0 sanctionner les \u00ab\u2009atteintes graves et manifestement ill\u00e9gales\u2009\u00bb aux \u00ab\u2009libert\u00e9s fondamentales\u2009\u00bb consacr\u00e9es par la Constitution, comme la libert\u00e9 d\u2019expression.<\/p>\n<p>Elle pr\u00e9tend \u00eatre \u00e0 la rue<\/p>\n<p class=\" wall-content\">Elle avait demand\u00e9 \u00e0 la juge de faire \u00ab\u2009injonction\u2009\u00bb \u00e0 la pr\u00e9fecture des Bouches-du-Rh\u00f4ne et au Service int\u00e9gr\u00e9 d\u2019Accueil et d\u2019Orientation (SIAO) 13 de lui \u00ab\u2009proposer une solution d\u2019h\u00e9bergement d\u2019urgence adapt\u00e9e et respectueuse de sa situation personnelle\u2009\u00bb sous \u00ab\u200948\u00a0heures\u2009\u00bb\u2009: <strong>elle est \u00ab\u2009actuellement sans domicile fixe\u2009\u00bb<\/strong> et ne b\u00e9n\u00e9ficie que d\u2019une adresse administrative au Centre communal d\u2019action sociale (CCAS) de <strong>Carnoux-en-Provence<\/strong>, \u00e0 25\u00a0km \u00e0 l\u2019est de Marseille.<\/p>\n<p class=\" wall-content\"><strong>\u00ab\u2009En grande pr\u00e9carit\u00e9\u2009\u00bb<\/strong>, cette femme \u00ab\u2009sans abri\u2009\u00bb et \u00ab\u2009en situation de vuln\u00e9rabilit\u00e9\u2009\u00bb redoutait donc plus que tout de \u00ab\u2009devoir retourner vivre dans sa voiture \u00e0 la fin de l\u2019\u00e9t\u00e9\u2009\u00bb si l\u2019administration et la justice n\u2019acc\u00e9daient pas \u00e0 sa demande. Elle expliquait \u00e0 la magistrate avoir \u00ab\u2009engag\u00e9 de nombreuses d\u00e9marches\u2009\u00bb et avoir \u00ab\u2009sollicit\u00e9 le 115\u2009\u00bb en vain.<\/p>\n<p>Des comp\u00e9tences de l\u2019\u00c9tat<\/p>\n<p class=\" wall-content\">\u00ab\u2009Dans chaque d\u00e9partement, est mis en place, sous l\u2019autorit\u00e9 du pr\u00e9fet, un dispositif de veille sociale charg\u00e9 d\u2019accueillir les personnes sans abri ou en d\u00e9tresse\u2009\u00bb, pr\u00e9voit le code de l\u2019action sociale et des familles (CASF).<\/p>\n<p class=\" wall-content\">\u00ab\u2009Il appartient aux autorit\u00e9s de l\u2019\u00c9tat [\u2026] de <strong>mettre en \u0153uvre le droit \u00e0 l\u2019h\u00e9bergement<\/strong> d\u2019urgence\u2009\u00bb, reformule donc la juge des r\u00e9f\u00e9r\u00e9s du tribunal administratif de Marseille dans une ordonnance en date du 17\u00a0juin 2025 qui vient d\u2019\u00eatre rendue publique.<\/p>\n<blockquote class=\"ac-article-quote wall-content\">\n<p>Une carence dans l\u2019accomplissement de cette mission peut faire appara\u00eetre [\u2026] une atteinte grave et manifestement ill\u00e9gale \u00e0 une libert\u00e9 fondamentale. [\u2026] Il appartient au juge [\u2026] d\u2019appr\u00e9cier dans chaque cas les diligences accomplies par l\u2019administration.<\/p>\n<p>    <strong>Juge des r\u00e9f\u00e9r\u00e9s du tribunal administratif de Marseille<\/strong>\n            <\/p><\/blockquote>\n<p>Des \u00ab\u2009d\u00e9marches\u2009\u00bb qui \u00ab\u2009restent tr\u00e8s r\u00e9centes\u2009\u00bb<\/p>\n<p class=\" wall-content\">En l\u2019occurrence, si la requ\u00e9rante a entrepris des d\u00e9marches en vue d\u2019obtenir un \u00ab\u2009h\u00e9bergement d\u2019urgence\u2009\u00bb, ces \u00ab\u2009d\u00e9marches\u2009\u00bb ont \u00e9t\u00e9 \u00ab\u2009commenc\u00e9es le 9\u00a0juin 2025\u2009\u00bb et \u00e9taient donc \u00ab\u2009tr\u00e8s r\u00e9centes\u2009\u00bb quand elle a d\u00e9pos\u00e9 sa requ\u00eate au tribunal administratif de Marseille moins d\u2019une semaine plus tard, le 15\u00a0juin 2025.<\/p>\n<p class=\" wall-content\"><strong>\u00ab\u2009Ce court d\u00e9lai ne mettait pas les services concern\u00e9s en mesure d\u2019instruire efficacement sa demande\u2009\u00bb<\/strong>, estime la magistrate marseillaise. Il n\u2019y a donc aucune \u00ab\u2009carence\u2009\u00bb av\u00e9r\u00e9e de l\u2019administration dans ce dossier, en d\u00e9duit-elle.<\/p>\n<p class=\" wall-content\">\u00ab\u2009Par ailleurs, Mme XXX se borne \u00e0 indiquer que\u2009\u00bb l\u2019urgence est av\u00e9r\u00e9e \u00ab\u2009que son\u2009\u00bb emploi est en jeu \u00ab\u2009et que son\u2009\u00bb int\u00e9grit\u00e9 physique et psychique est en p\u00e9ril \u00ab\u2009alors qu\u2019elle <strong>n\u2019apporte pas de pr\u00e9cision sur sa situation actuelle<\/strong>, notamment les conditions de son h\u00e9bergement\u2009\u00bb, conclut la juge des r\u00e9f\u00e9r\u00e9s.<\/p>\n<p class=\" wall-content\"><strong>GF \/ PressPepper<\/strong><\/p>\n<p class=\" wall-content\">Suivez toute l\u2019actualit\u00e9 de vos villes et m\u00e9dias favoris en vous inscrivant \u00e0 <a href=\"https:\/\/moncompte.actu.fr\" title=\"D\u00e9couvez Mon Actu\" rel=\"nofollow noopener\" data-trk=\"{&quot;cta&quot;:{&quot;action&quot;:&quot;https:\\\/\\\/moncompte.actu.fr&quot;,&quot;category&quot;:&quot;mon compte&quot;,&quot;from&quot;:&quot;article footer&quot;,&quot;name&quot;:&quot;Mon actu&quot;,&quot;type&quot;:&quot;cta&quot;}}\" target=\"_blank\">Mon Actu<\/a>.<\/p>\n","protected":false},"excerpt":{"rendered":"Par R\u00e9daction Marseille Publi\u00e9 le 6 juil. 2025 \u00e0 6h04 La juge des r\u00e9f\u00e9r\u00e9s du tribunal administratif de&hellip;\n","protected":false},"author":2,"featured_media":229632,"comment_status":"","ping_status":"","sticky":false,"template":"","format":"standard","meta":{"footnotes":""},"categories":[2814],"tags":[1111,11,1777,674,1011,27,303,884,12,882,25,104],"class_list":{"0":"post-229631","1":"post","2":"type-post","3":"status-publish","4":"format-standard","5":"has-post-thumbnail","7":"category-marseille","8":"tag-actu","9":"tag-actualites","10":"tag-eu","11":"tag-europe","12":"tag-fr","13":"tag-france","14":"tag-justice","15":"tag-marseille","16":"tag-news","17":"tag-provence-alpes-cote-dazur","18":"tag-republique-francaise","19":"tag-societe"},"share_on_mastodon":{"url":"https:\/\/pubeurope.com\/@fr\/114804369923333464","error":""},"_links":{"self":[{"href":"https:\/\/www.europesays.com\/fr\/wp-json\/wp\/v2\/posts\/229631","targetHints":{"allow":["GET"]}}],"collection":[{"href":"https:\/\/www.europesays.com\/fr\/wp-json\/wp\/v2\/posts"}],"about":[{"href":"https:\/\/www.europesays.com\/fr\/wp-json\/wp\/v2\/types\/post"}],"author":[{"embeddable":true,"href":"https:\/\/www.europesays.com\/fr\/wp-json\/wp\/v2\/users\/2"}],"replies":[{"embeddable":true,"href":"https:\/\/www.europesays.com\/fr\/wp-json\/wp\/v2\/comments?post=229631"}],"version-history":[{"count":0,"href":"https:\/\/www.europesays.com\/fr\/wp-json\/wp\/v2\/posts\/229631\/revisions"}],"wp:featuredmedia":[{"embeddable":true,"href":"https:\/\/www.europesays.com\/fr\/wp-json\/wp\/v2\/media\/229632"}],"wp:attachment":[{"href":"https:\/\/www.europesays.com\/fr\/wp-json\/wp\/v2\/media?parent=229631"}],"wp:term":[{"taxonomy":"category","embeddable":true,"href":"https:\/\/www.europesays.com\/fr\/wp-json\/wp\/v2\/categories?post=229631"},{"taxonomy":"post_tag","embeddable":true,"href":"https:\/\/www.europesays.com\/fr\/wp-json\/wp\/v2\/tags?post=229631"}],"curies":[{"name":"wp","href":"https:\/\/api.w.org\/{rel}","templated":true}]}}