{"id":229635,"date":"2025-07-06T04:21:11","date_gmt":"2025-07-06T04:21:11","guid":{"rendered":"https:\/\/www.europesays.com\/fr\/229635\/"},"modified":"2025-07-06T04:21:11","modified_gmt":"2025-07-06T04:21:11","slug":"pres-de-lyon-de-nouvelles-communes-du-rhone-envahies-par-le-moustique-tigre-voici-lesquelles","status":"publish","type":"post","link":"https:\/\/www.europesays.com\/fr\/229635\/","title":{"rendered":"Pr\u00e8s de Lyon. De nouvelles communes du Rh\u00f4ne envahies par le moustique tigre, voici lesquelles"},"content":{"rendered":"<p>            Par<br \/>\n        <strong><br \/>\n            <a href=\"https:\/\/actu.fr\/auteur\/julien-damboise\" title=\"Consulter tous les articles de Julien Damboise\" target=\"_blank\" rel=\"noopener\">Julien Damboise<\/a><br \/>\n        <\/strong><\/p>\n<p>        Publi\u00e9 le<\/p>\n<p>            6 juil. 2025 \u00e0 6h10        <\/p>\n<p><strong>INFO ACTU LYON<\/strong>. Les <a href=\"https:\/\/actu.fr\/tag\/moustique-tigre\" target=\"_blank\" rel=\"noopener\">moustiques tigres<\/a> sont <strong>de plus en plus nombreux<\/strong> chaque ann\u00e9e en France, y compris dans la r\u00e9gion de <a href=\"https:\/\/actu.fr\/auvergne-rhone-alpes\/lyon_69123\" target=\"_blank\" rel=\"noopener\">Lyon<\/a>. L\u2019Agence r\u00e9gionale de Sant\u00e9 nous communique les <strong>communes d\u00e9sormais consid\u00e9r\u00e9es comme infest\u00e9e<\/strong>s par ces insectes volants aux rayures noires et blanches sur l\u2019abdomen et les pattes.<\/p>\n<p>Auvergne Rh\u00f4ne-Alpes tr\u00e8s impact\u00e9<\/p>\n<p class=\" wall-content\">D\u00e9tect\u00e9 pour la premi\u00e8re fois en 2012, le moustique tigre est dor\u00e9navant pr\u00e9sent dans<strong> tous les d\u00e9partements d\u2019Auvergne Rh\u00f4ne-Alpes<\/strong>. Il a colonis\u00e9 plus d\u2019un quart des communes de la r\u00e9gion, impactant pr\u00e8s de 75% de la population, note l\u2019Agence r\u00e9gionale de sant\u00e9 (ARS) dans son dernier rapport.<\/p>\n<p class=\" wall-content\">La France m\u00e9tropolitaine est \u00e0 pr\u00e9sent expos\u00e9e \u00e0 ces risques de<strong> transmission de maladies<\/strong>, initialement pr\u00e9sentes dans les zones tropicales. La r\u00e9gion Auvergne-Rh\u00f4ne-Alpes est particuli\u00e8rement touch\u00e9e puisqu\u2019elle est, en 2024, la deuxi\u00e8me r\u00e9gion fran\u00e7aise qui compte le plus de cas d\u2019arboviroses import\u00e9s, avec <strong>274 patients<\/strong> trait\u00e9s et notamment des cas de dengue.<\/p>\n<p>Une implantation toujours plus importante<\/p>\n<p class=\" wall-content\">Au total, ce sont <strong>1 192 communes<\/strong> r\u00e9parties dans les 12 d\u00e9partements d\u2019Auvergne Rh\u00f4ne-Alpes dans lesquelles la pr\u00e9sence du moustique-tigre est av\u00e9r\u00e9e, dont 127 communes nouvellement colonis\u00e9es.<\/p>\n<p class=\" wall-content\">Pour 2024, voici la liste des nouvelles communes colonis\u00e9es dans le Rh\u00f4ne :\u00a0<\/p>\n<p>Vid\u00e9os : en ce moment sur Actu<\/p>\n<ul class=\" wall-content\">\n<li>Fleurie<\/li>\n<li>La Chapelle-sur-Coise<\/li>\n<li>Le Perr\u00e9on<\/li>\n<li>Saint-Laurent de Chamousset<\/li>\n<li>Saint V\u00e9rand en Beaujolais<\/li>\n<li>Theiz\u00e9<\/li>\n<li>Bibost<\/li>\n<\/ul>\n<p class=\" wall-content\">Aucune nouvelle commune n\u2019est comprise dans la M\u00e9tropole, d\u00e9j\u00e0 bien concern\u00e9e par la probl\u00e9matique. <strong>Lyon est notamment d\u00e9j\u00e0 colonis\u00e9e<\/strong> depuis de nombreuses ann\u00e9es.<\/p>\n<p>    <img   decoding=\"async\" loading=\"lazy\" src=\"https:\/\/www.europesays.com\/fr\/wp-content\/uploads\/2025\/07\/carte-communes-colonisees-moustique-tigre-rhone-960x640.png\" alt=\"Le moustique-tigre est tr\u00e8s pr\u00e9sent dans le Rh\u00f4ne depuis plusieurs ann\u00e9es.\" width=\"960\" height=\"640\"\/><br \/>\n    Le moustique-tigre est tr\u00e8s pr\u00e9sent dans le Rh\u00f4ne depuis plusieurs ann\u00e9es. (\u00a9ARS Auvergne-Rh\u00f4ne-Alpes)<\/p>\n<p class=\" wall-content\">Toute ville colonis\u00e9e est vou\u00e9e \u00e0 vivre avec l\u2019insecte. Les actions, comme les d\u00e9moustications, ne peuvent <strong>que diminuer<\/strong> le nombre de sp\u00e9cimens sur une zone.<\/p>\n<p class=\" wall-content\">Suivez toute l\u2019actualit\u00e9 de vos villes et m\u00e9dias favoris en vous inscrivant \u00e0 <a href=\"https:\/\/moncompte.actu.fr\" title=\"D\u00e9couvez Mon Actu\" rel=\"nofollow noopener\" data-trk=\"{&quot;cta&quot;:{&quot;action&quot;:&quot;https:\\\/\\\/moncompte.actu.fr&quot;,&quot;category&quot;:&quot;mon compte&quot;,&quot;from&quot;:&quot;article footer&quot;,&quot;name&quot;:&quot;Mon actu&quot;,&quot;type&quot;:&quot;cta&quot;}}\" target=\"_blank\">Mon Actu<\/a>.<\/p>\n","protected":false},"excerpt":{"rendered":"Par Julien Damboise Publi\u00e9 le 6 juil. 2025 \u00e0 6h10 INFO ACTU LYON. Les moustiques tigres sont de&hellip;\n","protected":false},"author":2,"featured_media":114092,"comment_status":"","ping_status":"","sticky":false,"template":"","format":"standard","meta":{"footnotes":""},"categories":[1889],"tags":[1111,11,2430,1130,1777,674,1011,27,2428,2856,12,52,25,71],"class_list":{"0":"post-229635","1":"post","2":"type-post","3":"status-publish","4":"format-standard","5":"has-post-thumbnail","7":"category-lyon","8":"tag-actu","9":"tag-actualites","10":"tag-auvergne-rhone-alpes","11":"tag-biodiversite","12":"tag-eu","13":"tag-europe","14":"tag-fr","15":"tag-france","16":"tag-lyon","17":"tag-moustique-tigre","18":"tag-news","19":"tag-planete","20":"tag-republique-francaise","21":"tag-sante"},"share_on_mastodon":{"url":"https:\/\/pubeurope.com\/@fr\/114804377787200760","error":""},"_links":{"self":[{"href":"https:\/\/www.europesays.com\/fr\/wp-json\/wp\/v2\/posts\/229635","targetHints":{"allow":["GET"]}}],"collection":[{"href":"https:\/\/www.europesays.com\/fr\/wp-json\/wp\/v2\/posts"}],"about":[{"href":"https:\/\/www.europesays.com\/fr\/wp-json\/wp\/v2\/types\/post"}],"author":[{"embeddable":true,"href":"https:\/\/www.europesays.com\/fr\/wp-json\/wp\/v2\/users\/2"}],"replies":[{"embeddable":true,"href":"https:\/\/www.europesays.com\/fr\/wp-json\/wp\/v2\/comments?post=229635"}],"version-history":[{"count":0,"href":"https:\/\/www.europesays.com\/fr\/wp-json\/wp\/v2\/posts\/229635\/revisions"}],"wp:featuredmedia":[{"embeddable":true,"href":"https:\/\/www.europesays.com\/fr\/wp-json\/wp\/v2\/media\/114092"}],"wp:attachment":[{"href":"https:\/\/www.europesays.com\/fr\/wp-json\/wp\/v2\/media?parent=229635"}],"wp:term":[{"taxonomy":"category","embeddable":true,"href":"https:\/\/www.europesays.com\/fr\/wp-json\/wp\/v2\/categories?post=229635"},{"taxonomy":"post_tag","embeddable":true,"href":"https:\/\/www.europesays.com\/fr\/wp-json\/wp\/v2\/tags?post=229635"}],"curies":[{"name":"wp","href":"https:\/\/api.w.org\/{rel}","templated":true}]}}