{"id":229654,"date":"2025-07-06T04:31:11","date_gmt":"2025-07-06T04:31:11","guid":{"rendered":"https:\/\/www.europesays.com\/fr\/229654\/"},"modified":"2025-07-06T04:31:11","modified_gmt":"2025-07-06T04:31:11","slug":"mais-qui-sont-donc-les-pires-touristes","status":"publish","type":"post","link":"https:\/\/www.europesays.com\/fr\/229654\/","title":{"rendered":"mais qui sont donc les pires touristes ?"},"content":{"rendered":"\n<p>\u00c0 l\u2019heure o\u00f9 les effets n\u00e9fastes de nos vacances suscitent des mouvements de protestation dans toute l\u2019Europe, et o\u00f9 une multitude de lois voient le jour dans le but de r\u00e9primer les mauvaises conduites et de permettre \u00e0 la population locale de continuer \u00e0 vivre tranquillement, le comportement des touristes est d\u00e9sormais au centre de toutes les attentions.<\/p>\n<p>Dans des endroits comme Majorque ou Corfou, les autorit\u00e9s r\u00e9fl\u00e9chissent aux moyens d\u2019attirer de \u201cmeilleurs\u201d touristes \u2013\u00a0un objectif qui sous-entend que les Britanniques, tr\u00e8s nombreux actuellement \u00e0 visiter ces \u00eeles, n\u2019y sont plus les bienvenus.<\/p>\n<p>Qu\u2019en est-il en r\u00e9alit\u00e9\u00a0? Les touristes britanniques sont-ils vraiment d\u00e9test\u00e9s\u00a0? Aux yeux des Europ\u00e9ens, de quels pays proviennent les \u201cmeilleurs\u201d et les \u201cpires\u201d vacanciers\u00a0? Nous avons demand\u00e9 \u00e0 des sp\u00e9cialistes install\u00e9s dans quatre des pays le plus durement touch\u00e9s par le surtourisme \u2013 Anthony Peregrine (en France), Heidi Fuller-Love (en Gr\u00e8ce), Eddi Fiegel (en Espagne) et Nicky Swallow (en Italie) \u2013 de sonder \u00e0 ce sujet les professionnels du tourisme ainsi que de simples r\u00e9sidents.<\/p>\n<p> <strong>Les touristes britanniques<\/strong> <\/p>\n<p><strong>Vus par les Fran\u00e7ais<\/strong><\/p>\n<p>De mani\u00e8re surprenante, les Britanniques sont plut\u00f4t bien not\u00e9s par les professionnels fran\u00e7ais du tourisme (h\u00f4teliers, restaurateurs, employ\u00e9s d\u2019offices d<\/p>\n<p>                                     <strong class=\"paywall-title\">Cet article est r\u00e9serv\u00e9 aux\u00a0abonn\u00e9s.<\/strong>   <\/p>\n<p class=\"paywall-text\">Profitez de\u00a0l\u2019offre sp\u00e9ciale num\u00e9rique pour acc\u00e9der \u00e0\u00a0l\u2019int\u00e9gralit\u00e9 de\u00a0nos contenus en\u00a0illimit\u00e9.<\/p>\n<p class=\"article-authors\">                         <a href=\"https:\/\/www.courrierinternational.com\/auteur\/anthony-peregrine-heidi-fuller-love-eddi-fiegel-nicky-swallow\" rel=\"nofollow noopener\" target=\"_blank\">Anthony Peregrine, Heidi Fuller-Love, Eddi Fiegel, Nicky Swallow<\/a>    <\/p>\n<p class=\"article-vo\"><a href=\"https:\/\/www.telegraph.co.uk\/travel\/comment\/countries-worst-tourists-europeans\/\" rel=\"noopener nofollow\" target=\"_blank\">Lire l\u2019article original<\/a><\/p>\n<p>Nos lecteurs ont lu\u00a0aussi<\/p>\n<p>Source de l\u2019article<\/p>\n<p>   <img decoding=\"async\" class=\"source-logo\" src=\"https:\/\/www.europesays.com\/fr\/wp-content\/uploads\/2025\/05\/8be5236_1643653611956-the-daily-telegraph.jpg\"  alt=\"Logo\" loading=\"lazy\" width=\"32\" height=\"32\"\/>  The Daily Telegraph  (Londres)       <\/p>\n<p>Atlantiste et eurosceptique sur le fond, pugnace et engag\u00e9 sur la forme, c\u2019est le journal conservateur de r\u00e9f\u00e9rence. Fond\u00e9 en 1855, comme le\u00a0rappelle son titre en\u00a0hommage \u00e0 une technologie de\u00a0communication alors r\u00e9volutionnaire, il est le dernier des quotidiens nationaux d\u2019envergure \u00e0 ne pas avoir abandonn\u00e9 le grand format.<\/p>\n<p>D\u00e9tenu jusqu\u2019au d\u00e9but de 2004 par le magnat de la presse Conrad Black, le titre a ensuite \u00e9t\u00e9 la propri\u00e9t\u00e9 des fr\u00e8res milliardaires David et Frederick Barclay. En 2023, sur fond de bras de fer financier, le journal a \u00e9t\u00e9 saisi par les cr\u00e9anciers de la famille Barclay, qui lui cherchent d\u00e9sormais un nouveau propri\u00e9taire, ainsi qu\u2019\u00e0 The Sunday Telegraph, regroup\u00e9s au sein du Telegraph Media Group Holdings Ltd.<\/p>\n<p>Son agenda est tr\u00e8s pris\u00e9, en raison notamment du Court Circular, qui pr\u00e9sente tous les jours les activit\u00e9s de la famille royale. Un autre rendez-vous tr\u00e8s attendu est le petit dessin de Matt, toujours \u00e9l\u00e9gant et dr\u00f4le, publi\u00e9 en premi\u00e8re page.<\/p>\n<p>      <a href=\"https:\/\/www.courrierinternational.com\/notule-source\/the-daily-telegraph-0\" class=\"source-link\" rel=\"nofollow noopener\" target=\"_blank\">Lire la suite<\/a>                 <\/p>\n<p>Nos services<\/p>\n","protected":false},"excerpt":{"rendered":"\u00c0 l\u2019heure o\u00f9 les effets n\u00e9fastes de nos vacances suscitent des mouvements de protestation dans toute l\u2019Europe, et&hellip;\n","protected":false},"author":2,"featured_media":229655,"comment_status":"","ping_status":"","sticky":false,"template":"","format":"standard","meta":{"footnotes":""},"categories":[1588],"tags":[11,672,3822,6060,5035,309,1777,674,27,25984,452,3821,12,473,1853,602,36824,770,1851,1850,1852],"class_list":{"0":"post-229654","1":"post","2":"type-post","3":"status-publish","4":"format-standard","5":"has-post-thumbnail","7":"category-royaume-uni","8":"tag-actualites","9":"tag-allemagne","10":"tag-amu00e9riques","11":"tag-asie","12":"tag-australie","13":"tag-chine","14":"tag-eu","15":"tag-europe","16":"tag-france","17":"tag-gru00e8ce","18":"tag-italie","19":"tag-la-france-vue-de-lu2019u00e9tranger","20":"tag-news","21":"tag-royaume-uni","22":"tag-royaume-uni-de-grande-bretagne-et-dirlande-du-nord","23":"tag-tourisme","24":"tag-tourisme-de-masse","25":"tag-u00e9tats-unis","26":"tag-uk","27":"tag-united-kingdom","28":"tag-united-kingdom-of-great-britain-and-northern-ireland"},"share_on_mastodon":{"url":"https:\/\/pubeurope.com\/@fr\/114804417129295483","error":""},"_links":{"self":[{"href":"https:\/\/www.europesays.com\/fr\/wp-json\/wp\/v2\/posts\/229654","targetHints":{"allow":["GET"]}}],"collection":[{"href":"https:\/\/www.europesays.com\/fr\/wp-json\/wp\/v2\/posts"}],"about":[{"href":"https:\/\/www.europesays.com\/fr\/wp-json\/wp\/v2\/types\/post"}],"author":[{"embeddable":true,"href":"https:\/\/www.europesays.com\/fr\/wp-json\/wp\/v2\/users\/2"}],"replies":[{"embeddable":true,"href":"https:\/\/www.europesays.com\/fr\/wp-json\/wp\/v2\/comments?post=229654"}],"version-history":[{"count":0,"href":"https:\/\/www.europesays.com\/fr\/wp-json\/wp\/v2\/posts\/229654\/revisions"}],"wp:featuredmedia":[{"embeddable":true,"href":"https:\/\/www.europesays.com\/fr\/wp-json\/wp\/v2\/media\/229655"}],"wp:attachment":[{"href":"https:\/\/www.europesays.com\/fr\/wp-json\/wp\/v2\/media?parent=229654"}],"wp:term":[{"taxonomy":"category","embeddable":true,"href":"https:\/\/www.europesays.com\/fr\/wp-json\/wp\/v2\/categories?post=229654"},{"taxonomy":"post_tag","embeddable":true,"href":"https:\/\/www.europesays.com\/fr\/wp-json\/wp\/v2\/tags?post=229654"}],"curies":[{"name":"wp","href":"https:\/\/api.w.org\/{rel}","templated":true}]}}