{"id":229662,"date":"2025-07-06T04:35:17","date_gmt":"2025-07-06T04:35:17","guid":{"rendered":"https:\/\/www.europesays.com\/fr\/229662\/"},"modified":"2025-07-06T04:35:17","modified_gmt":"2025-07-06T04:35:17","slug":"on-se-disait-quon-etait-large-pour-le-concert-de-pierre-garnier-des-festivaliers-en-colere-apres-des-heures-dattente-au-festidreuz-de-fouesnant","status":"publish","type":"post","link":"https:\/\/www.europesays.com\/fr\/229662\/","title":{"rendered":"\u00ab\u00a0On se disait qu\u2019on \u00e9tait large pour le concert de Pierre Garnier\u00a0\u00bb\u00a0: des festivaliers en col\u00e8re apr\u00e8s des heures d\u2019attente au Festidreuz de Fouesnant"},"content":{"rendered":"<p>Les messages se sont multipli\u00e9s sur les r\u00e9seaux sociaux. Vendredi 4 juillet, beaucoup de spectateurs du Festidreuz de Fouesnant ont d\u00fb attendre des heures avant d\u2019entrer sur le site. C\u2019est le cas d\u2019Alex, qui ne pouvait pas venir avant 20\u00a0h\u00a030 \u00e0 cause de son travail. Mais, en arrivant, il a compris rapidement qu\u2019il allait y avoir un probl\u00e8me. \u00ab\u00a0Je viens depuis quatre ans, mais je n\u2019avais jamais vu \u00e7a\u2026 Il y avait un monde fou\u00a0\u00bb, t\u00e9moigne-t-il.<\/p>\n<p>Pour Alex, la soir\u00e9e est \u00ab\u00a0g\u00e2ch\u00e9e\u00a0\u00bb. Il n\u2019est arriv\u00e9 \u00e0 entrer sur le site qu\u2019apr\u00e8s deux heures trente d\u2019attente. Il a rat\u00e9 une grande partie des concerts et n\u2019a profit\u00e9 que du DJ Petit Biscuit, de 1\u00a0h \u00e0 2\u00a0h du matin.<\/p>\n<p>De son c\u00f4t\u00e9, l\u2019organisation du Festidreuz \u00e9voque la mise en route d\u2019un nouveau dispositif pour scanner les entr\u00e9es des festivaliers. \u00ab\u00a0\u00c7a a \u00e9t\u00e9 plus long que pr\u00e9vu pour mettre en place ce nouveau syst\u00e8me et on le regrette\u00a0\u00bb, d\u00e9plore Alain Le Loupp, le directeur du festival.<\/p>\n<p>Un effet Pierre Garnier<\/p>\n<p>Autre couac dans l\u2019organisation de la soir\u00e9e, selon lui, Pierre Garnier a \u00e9t\u00e9 programm\u00e9 trop t\u00f4t, \u00e0 19\u00a0h\u00a015. Trop de personnes sont arriv\u00e9es en m\u00eame temps pour le voir. \u00ab\u00a0D\u2019habitude, les entr\u00e9es sont plus \u00e9chelonn\u00e9es. Mais on ne pouvait pas le programmer plus tard dans la soir\u00e9e, car il devait partir rapidement pour un autre festival\u00a0\u00bb, regrette Alain Le Loupp.<\/p>\n<p>Ga\u00eblle, 40 ans, \u00e9tait justement venue avec sa m\u00e8re depuis Quimperl\u00e9 pour voir en live le gagnant de la Star Academy 2024. Elles sont arriv\u00e9es sur le site \u00e0 18 h 30. \u00ab\u00a0On se disait qu\u2019on \u00e9tait large pour profiter du concert de Pierre Garnier. Et d\u2019habitude, en arrivant \u00e0 cette heure-l\u00e0, on s\u2019en sort bien\u00a0\u00bb, rembobine-t-elle. Mais elles ont pass\u00e9 plus de deux heures dans la queue, et ont entendu, seulement de loin, la prestation du vainqueur du t\u00e9l\u00e9-crochet. Elles se sont r\u00e9sign\u00e9es \u00e0 partir voyant qu\u2019elles n\u2019avan\u00e7aient pas et sur les conseils d\u2019un homme de la s\u00e9curit\u00e9 qui leur a assur\u00e9 qu\u2019il leur restait encore plus d\u2019une heure d\u2019attente. \u00ab\u00a0On vient depuis sept ans, et on a l\u2019habitude de d\u00e9marrer l\u2019\u00e9t\u00e9 avec ce festival\u00a0\u00bb, se d\u00e9sole Ga\u00eblle, qui n\u2019avait de place que pour la premi\u00e8re soir\u00e9e.<\/p>\n<p>Alex, lui, a pris un pass trois jours. Il esp\u00e8re qu\u2019il aura moins de soucis, pour les deux autres journ\u00e9es du festival. Le directeur de Festidreuz assure que des mesures ont \u00e9t\u00e9 prises pour \u00e9viter d\u2019autres difficult\u00e9s pour la suite des festivit\u00e9s. Certains spectateurs m\u00e9contents, dont Alex et Ga\u00eblle, ont adress\u00e9 des demandes de d\u00e9dommagement. Bien qu\u2019il se dise \u00ab\u00a0navr\u00e9\u00a0\u00bb et qu\u2019il s\u2019excuse de la mauvaise soir\u00e9e pass\u00e9e par une partie du public, c\u2019est une possibilit\u00e9 qu\u2019exclut Alain Le Loupp.<\/p>\n","protected":false},"excerpt":{"rendered":"Les messages se sont multipli\u00e9s sur les r\u00e9seaux sociaux. Vendredi 4 juillet, beaucoup de spectateurs du Festidreuz de&hellip;\n","protected":false},"author":2,"featured_media":229663,"comment_status":"","ping_status":"","sticky":false,"template":"","format":"standard","meta":{"footnotes":""},"categories":[2],"tags":[11,3321,5127,1011,27,4555,12,25],"class_list":{"0":"post-229662","1":"post","2":"type-post","3":"status-publish","4":"format-standard","5":"has-post-thumbnail","7":"category-actualites","8":"tag-actualites","9":"tag-finistere","10":"tag-fouesnant","11":"tag-fr","12":"tag-france","13":"tag-local","14":"tag-news","15":"tag-republique-francaise"},"share_on_mastodon":{"url":"https:\/\/pubeurope.com\/@fr\/114804432973117894","error":""},"_links":{"self":[{"href":"https:\/\/www.europesays.com\/fr\/wp-json\/wp\/v2\/posts\/229662","targetHints":{"allow":["GET"]}}],"collection":[{"href":"https:\/\/www.europesays.com\/fr\/wp-json\/wp\/v2\/posts"}],"about":[{"href":"https:\/\/www.europesays.com\/fr\/wp-json\/wp\/v2\/types\/post"}],"author":[{"embeddable":true,"href":"https:\/\/www.europesays.com\/fr\/wp-json\/wp\/v2\/users\/2"}],"replies":[{"embeddable":true,"href":"https:\/\/www.europesays.com\/fr\/wp-json\/wp\/v2\/comments?post=229662"}],"version-history":[{"count":0,"href":"https:\/\/www.europesays.com\/fr\/wp-json\/wp\/v2\/posts\/229662\/revisions"}],"wp:featuredmedia":[{"embeddable":true,"href":"https:\/\/www.europesays.com\/fr\/wp-json\/wp\/v2\/media\/229663"}],"wp:attachment":[{"href":"https:\/\/www.europesays.com\/fr\/wp-json\/wp\/v2\/media?parent=229662"}],"wp:term":[{"taxonomy":"category","embeddable":true,"href":"https:\/\/www.europesays.com\/fr\/wp-json\/wp\/v2\/categories?post=229662"},{"taxonomy":"post_tag","embeddable":true,"href":"https:\/\/www.europesays.com\/fr\/wp-json\/wp\/v2\/tags?post=229662"}],"curies":[{"name":"wp","href":"https:\/\/api.w.org\/{rel}","templated":true}]}}