{"id":229664,"date":"2025-07-06T04:36:28","date_gmt":"2025-07-06T04:36:28","guid":{"rendered":"https:\/\/www.europesays.com\/fr\/229664\/"},"modified":"2025-07-06T04:36:28","modified_gmt":"2025-07-06T04:36:28","slug":"en-ratifiant-son-budget-donald-trump-signe-un-cheque-en-blanc-a-letat-policier-liberation","status":"publish","type":"post","link":"https:\/\/www.europesays.com\/fr\/229664\/","title":{"rendered":"En ratifiant son budget, Donald Trump signe un ch\u00e8que en blanc \u00e0 l\u2019Etat policier \u2013 Lib\u00e9ration"},"content":{"rendered":"<p class=\"sc-ksZaOG ehjQrN text-element\">Comme il l\u2019avait r\u00eav\u00e9, Donald Trump a fait sienne la kermesse nationale am\u00e9ricaine du 4 juillet pour ratifier, sous un ballet a\u00e9rien de bombardiers, ce qui pourrait demeurer comme le principal fait d\u2019armes l\u00e9gislatif de sa pr\u00e9sidence. Et ce tableau du commandant en chef promulguant tout sourire sa <a href=\"https:\/\/www.liberation.fr\/international\/amerique\/pensions-de-retraites-cheques-alimentaires-voiture-electrique-les-5-plus-gros-bobards-de-donald-trump-avec-sa-grande-et-belle-loi-budgetaire-20250702_A6BRH5W7MFFRVCOIQXYLYWMYJA\/\" target=\"_blank\" rel=\"noopener\" title=\"https:\/\/www.liberation.fr\/international\/amerique\/pensions-de-retraites-cheques-alimentaires-voiture-electrique-les-5-plus-gros-bobards-de-donald-trump-avec-sa-grande-et-belle-loi-budgetaire-20250702_A6BRH5W7MFFRVCOIQXYLYWMYJA\/\">\u00abgrande et belle\u00bb loi budg\u00e9taire<\/a> dans un flamboiement aux accents patriotico-martiaux ne va h\u00e9las que trop bien \u00e0 la teneur du texte.<\/p>\n","protected":false},"excerpt":{"rendered":"Comme il l\u2019avait r\u00eav\u00e9, Donald Trump a fait sienne la kermesse nationale am\u00e9ricaine du 4 juillet pour ratifier,&hellip;\n","protected":false},"author":2,"featured_media":229665,"comment_status":"","ping_status":"","sticky":false,"template":"","format":"standard","meta":{"footnotes":""},"categories":[2],"tags":[11,75,73,1011,27,9837,12,25],"class_list":{"0":"post-229664","1":"post","2":"type-post","3":"status-publish","4":"format-standard","5":"has-post-thumbnail","7":"category-actualites","8":"tag-actualites","9":"tag-donald-trump","10":"tag-etats-unis","11":"tag-fr","12":"tag-france","13":"tag-nayib-bukele","14":"tag-news","15":"tag-republique-francaise"},"share_on_mastodon":{"url":"https:\/\/pubeurope.com\/@fr\/114804436767326679","error":""},"_links":{"self":[{"href":"https:\/\/www.europesays.com\/fr\/wp-json\/wp\/v2\/posts\/229664","targetHints":{"allow":["GET"]}}],"collection":[{"href":"https:\/\/www.europesays.com\/fr\/wp-json\/wp\/v2\/posts"}],"about":[{"href":"https:\/\/www.europesays.com\/fr\/wp-json\/wp\/v2\/types\/post"}],"author":[{"embeddable":true,"href":"https:\/\/www.europesays.com\/fr\/wp-json\/wp\/v2\/users\/2"}],"replies":[{"embeddable":true,"href":"https:\/\/www.europesays.com\/fr\/wp-json\/wp\/v2\/comments?post=229664"}],"version-history":[{"count":0,"href":"https:\/\/www.europesays.com\/fr\/wp-json\/wp\/v2\/posts\/229664\/revisions"}],"wp:featuredmedia":[{"embeddable":true,"href":"https:\/\/www.europesays.com\/fr\/wp-json\/wp\/v2\/media\/229665"}],"wp:attachment":[{"href":"https:\/\/www.europesays.com\/fr\/wp-json\/wp\/v2\/media?parent=229664"}],"wp:term":[{"taxonomy":"category","embeddable":true,"href":"https:\/\/www.europesays.com\/fr\/wp-json\/wp\/v2\/categories?post=229664"},{"taxonomy":"post_tag","embeddable":true,"href":"https:\/\/www.europesays.com\/fr\/wp-json\/wp\/v2\/tags?post=229664"}],"curies":[{"name":"wp","href":"https:\/\/api.w.org\/{rel}","templated":true}]}}