{"id":229667,"date":"2025-07-06T04:38:23","date_gmt":"2025-07-06T04:38:23","guid":{"rendered":"https:\/\/www.europesays.com\/fr\/229667\/"},"modified":"2025-07-06T04:38:23","modified_gmt":"2025-07-06T04:38:23","slug":"adrien-saddier-il-y-a-eu-tellement-de-travail-pour-en-arriver-la-golf-planete","status":"publish","type":"post","link":"https:\/\/www.europesays.com\/fr\/229667\/","title":{"rendered":"Adrien Saddier : \u00ab Il y a eu tellement de travail pour en arriver-l\u00e0 \u00bb &#8211; Golf Plan\u00e8te"},"content":{"rendered":"<ol>\n<li><a href=\"https:\/\/news.google.com\/rss\/articles\/CBMipwFBVV95cUxNTkpWdDJTZzRtMG5kRHhBUjc3a1hpZVFNTkJRekctaVU3aDBHckhNNWh4OEtybF8ycDBQeFFOdUlmaGx2T3FSWC1od1ZQZmVSNzNTNHdqejg4eWZCZFJmVUVadU1DbW55UFBDZFFRWFQyZVZMRWxQa0x2dDVmd2FRcUtmc2owRUhHeXd0czh6QTQza3UzOXJ0WFkzVnVJbHcwT25VWlNYYw?oc=5\" target=\"_blank\" rel=\"nofollow noopener\">Adrien Saddier : \u00ab Il y a eu tellement de travail pour en arriver-l\u00e0 \u00bb<\/a>&nbsp;&nbsp;Golf Plan\u00e8te<\/li>\n<li><a href=\"https:\/\/news.google.com\/rss\/articles\/CBMivwFBVV95cUxQZ0NzMDFpanpIcF9TNDVjUmo4WTRFcjVtMGlLcWl4OWVZQzI0Z0NSbDlQUFg1MkRKYWZ0SmUzSU9FSkY0WnkzeElad3luWHBXSElGelM1dnlJSHZHQWNpX01fd1E5emw3dVlqMFljT0EwcHBlZEtFX25LblJ2ZVd0Mjc2LTNic2dxSVJ5Z29rTjZmU2l2S1M4cFliZVVfeS1ESEE4NE1CeGw5cV91cGZOcTRVTXBpZWpMWGZ1bXBzbw?oc=5\" target=\"_blank\" rel=\"nofollow noopener\">Adrien Saddier : \u00ab Apr\u00e8s la victoire, il y a un peu tout qui est sorti \u00bb<\/a>&nbsp;&nbsp;F\u00e9d\u00e9ration Fran\u00e7aise de Golf<\/li>\n<li><a href=\"https:\/\/news.google.com\/rss\/articles\/CBMivgFBVV95cUxORDZkc3Fqckg0RFZGTWw3aGpnTDNtd01ocXIwN2Z6Yi11b0dSQVh6Y2lUYi1RUjFuQlRHLWM5cWgyR3JWeThnbngwdHl0N3ZXcmgwS3JqdDVVRmVMOTlkcTY2S1hlRk9fMTJrMTg1dXNOUkp5Zi1LcUFpRGhzTENXOVZHVXFqMVE1dHR6VTNsdGRZQmVaSkNhTlRrNXFyQ0xDamN5S293b2dzeFF4ZW9DUTdibFlXaHRZa2kwdmhR?oc=5\" target=\"_blank\" rel=\"nofollow noopener\">Scheffler &#8211; McIlroy un tr\u00f4ne pour deux &#8211; Golf + le mag<\/a>&nbsp;&nbsp;Orange Actualit\u00e9s | Sports<\/li>\n<li><a href=\"https:\/\/news.google.com\/rss\/articles\/CBMiugFBVV95cUxPRU0yYTdCekJoX29DdURaNEhEbHlsbWMyOE9ackZOWkUzVHV1Vlo1X2NWNWNiR2JoRkVWeERfMWZzZFJrSGctN0RqeTVTS3oyZWNkaUJRaE9oV3VBaWV4czJQSmNLNW1pUHJaeXdKMDRaRFNmRGNKZFZPZDVCelNLaVNqSzMxeFRYRGxwd3A5SVM3TlhQS20zNU9GSG00VkhrTDZXaVN3UGNzbEI3cDFiYkVvVGNwVXJwbHc?oc=5\" target=\"_blank\" rel=\"nofollow noopener\">\u00ab Mes racines sont \u00e0 \u00c9sery \u00bb : Adrien Saddier, tr\u00e8s attach\u00e9 \u00e0 la Haute-Savoie<\/a>&nbsp;&nbsp;L&rsquo;\u00c9quipe<\/li>\n<li><a href=\"https:\/\/news.google.com\/rss\/articles\/CBMilAFBVV95cUxOb0JvdlBnSzRnMktjY04tNlBrSTJUeDZuX1VQNzRDZy1FOHdDbGg4YUtidldzbDJGTVFOZll1U0EwS0lzRDBGUWpjOTdLMFBTTTUwMzhlQXZuUm1pdFUzSXdqUW5FV1U0d095ZDBHX1JfcEVmb3JiUFFEREIwMElYb3FFNlFUM25rbHZTTWVjemNidTFr?oc=5\" target=\"_blank\" rel=\"nofollow noopener\">Combien chaque joueur a-t-il gagn\u00e9 \u00e0 l\u2019Italian Open ?<\/a>&nbsp;&nbsp;Golf Plan\u00e8te<\/li>\n<\/ol>\n","protected":false},"excerpt":{"rendered":"Adrien Saddier : \u00ab Il y a eu tellement de travail pour en arriver-l\u00e0 \u00bb&nbsp;&nbsp;Golf Plan\u00e8te Adrien Saddier&hellip;\n","protected":false},"author":2,"featured_media":229668,"comment_status":"","ping_status":"","sticky":false,"template":"","format":"standard","meta":{"footnotes":""},"categories":[1418],"tags":[1011,27,1472,60],"class_list":{"0":"post-229667","1":"post","2":"type-post","3":"status-publish","4":"format-standard","5":"has-post-thumbnail","7":"category-golf","8":"tag-fr","9":"tag-france","10":"tag-golf","11":"tag-sports"},"share_on_mastodon":{"url":"https:\/\/pubeurope.com\/@fr\/114804444577720579","error":""},"_links":{"self":[{"href":"https:\/\/www.europesays.com\/fr\/wp-json\/wp\/v2\/posts\/229667","targetHints":{"allow":["GET"]}}],"collection":[{"href":"https:\/\/www.europesays.com\/fr\/wp-json\/wp\/v2\/posts"}],"about":[{"href":"https:\/\/www.europesays.com\/fr\/wp-json\/wp\/v2\/types\/post"}],"author":[{"embeddable":true,"href":"https:\/\/www.europesays.com\/fr\/wp-json\/wp\/v2\/users\/2"}],"replies":[{"embeddable":true,"href":"https:\/\/www.europesays.com\/fr\/wp-json\/wp\/v2\/comments?post=229667"}],"version-history":[{"count":0,"href":"https:\/\/www.europesays.com\/fr\/wp-json\/wp\/v2\/posts\/229667\/revisions"}],"wp:featuredmedia":[{"embeddable":true,"href":"https:\/\/www.europesays.com\/fr\/wp-json\/wp\/v2\/media\/229668"}],"wp:attachment":[{"href":"https:\/\/www.europesays.com\/fr\/wp-json\/wp\/v2\/media?parent=229667"}],"wp:term":[{"taxonomy":"category","embeddable":true,"href":"https:\/\/www.europesays.com\/fr\/wp-json\/wp\/v2\/categories?post=229667"},{"taxonomy":"post_tag","embeddable":true,"href":"https:\/\/www.europesays.com\/fr\/wp-json\/wp\/v2\/tags?post=229667"}],"curies":[{"name":"wp","href":"https:\/\/api.w.org\/{rel}","templated":true}]}}