{"id":229676,"date":"2025-07-06T04:45:09","date_gmt":"2025-07-06T04:45:09","guid":{"rendered":"https:\/\/www.europesays.com\/fr\/229676\/"},"modified":"2025-07-06T04:45:09","modified_gmt":"2025-07-06T04:45:09","slug":"tdf-tour-de-france-de-nombreuses-chutes-et-deux-abandons-le-bilan-medical","status":"publish","type":"post","link":"https:\/\/www.europesays.com\/fr\/229676\/","title":{"rendered":"TDF. Tour de France &#8211; De nombreuses chutes et deux abandons&#8230; Le bilan m\u00e9dical"},"content":{"rendered":"<p>Comme pr\u00e9vu, la 1\u00e8re \u00e9tape du <strong><a href=\"https:\/\/www.cyclismactu.net\/..\/news-tdf-route-tour-de-france-la-startlist-du-tour-de-france-et-deja-deux-abandons-88207.html\" target=\"_blank\" rel=\"nofollow noopener\">Tour de France<\/a><\/strong> trac\u00e9e autour de Lille et promise aux sprinteurs a \u00e9t\u00e9 plus que nerveuse ce samedi. Chutes, incidents et tentatives de bordures se sont sans surprise multipli\u00e9s au cours de cette \u00e9tape&#8230; Les deux principales victimes de cette premi\u00e8re journ\u00e9e sont <strong><a href=\"https:\/\/www.cyclismactu.net\/..\/news-tour-de-france-route-le-premier-abandon-filippo-ganna-quitte-tour-apres-une-chute-88717.html\" target=\"_blank\" rel=\"nofollow noopener\">Filippo Ganna<\/a><\/strong> (INEOS Grenadiers) et <strong>Stefan Bissegger<\/strong> (Decathlon AG2R La Mondiale), deux solides rouleurs qui quittent la route du Tour d\u00e8s la premi\u00e8re journ\u00e9e ! D&rsquo;autres coureurs ont \u00e9t\u00e9 victimes de chutes, voici le bilan m\u00e9dical de cette premi\u00e8re \u00e9tape du <strong>Tour de France<\/strong> 2025.<\/p>\n<p>Vid\u00e9o &#8211; Thomas s&rsquo;exprime \u00e0 notre micro sur l&rsquo;abandon de Ganna Lire la suite de l&rsquo;article&#13;<\/p>\n<p>\u00a0<\/p>\n<p>&#13;<br \/>\n<strong>Des sympt\u00f4mes de commotion c\u00e9r\u00e9brale pour Ganna et Bissegger !<\/strong>&#13;<\/p>\n<p>En effet, le recordman de l&rsquo;heure,<strong> Filippo Ganna<\/strong>, a \u00e9t\u00e9 victime de la premi\u00e8re chute de ce <strong>Tour de France<\/strong> en compagnie de <strong>Sean Flynn<\/strong>, le Britannique de la formation <strong>PicNic PostNL<\/strong>. <strong>Stefan Bissegger<\/strong> a chut\u00e9 et souffre \u00e9galement d\u2019une commotion c\u00e9r\u00e9brale qui a entra\u00een\u00e9 son abandon, comme l&rsquo;a indiqu\u00e9 son \u00e9quipe <strong>Decathlon AG2R La Mondiale<\/strong>. D&rsquo;autres coureurs ont chut\u00e9 mais ont pu continuer la course, \u00e0 l&rsquo;image du combatif du jour <strong>Matteo Vercher<\/strong> (Team TotalEnergies), victime d&rsquo;un traumatisme \u00e0 l&rsquo;\u00e9paule, et <strong>Thibau Nys<\/strong> (Lidl-Trek) pour sa d\u00e9couverte du <strong>Tour de France<\/strong>, qui prendra le d\u00e9part de la 2e \u00e9tape avec des contusions diverses. Pour <strong>Ben O&rsquo;Connor<\/strong> (Team Jayco AlUla) et <strong>Marijn Van den Berg<\/strong> (EF Education-EasyPost), qui ont chut\u00e9 dans le final, l&rsquo;Australien s&rsquo;en sort avec un traumatisme au genou droit et le N\u00e9erlandais avec un traumatisme \u00e0 la hanche droite. Ce dimanche, ils seront donc 182 au d\u00e9part de Lauwin-Planque.<\/p>\n<p>Tour de France &#8211; Classement de la 1\u00e8 \u00e9tape Tour de France &#8211; Classement g\u00e9n\u00e9ral provisoire apr\u00e8s la 1\u00e8 \u00e9tape<\/p>\n","protected":false},"excerpt":{"rendered":"Comme pr\u00e9vu, la 1\u00e8re \u00e9tape du Tour de France trac\u00e9e autour de Lille et promise aux sprinteurs a&hellip;\n","protected":false},"author":2,"featured_media":229677,"comment_status":"","ping_status":"","sticky":false,"template":"","format":"standard","meta":{"footnotes":""},"categories":[1411],"tags":[1154,207,211,1011,27,209,60,210,212,208,213],"class_list":{"0":"post-229676","1":"post","2":"type-post","3":"status-publish","4":"format-standard","5":"has-post-thumbnail","7":"category-cyclisme","8":"tag-cycling","9":"tag-cyclisme","10":"tag-ffc","11":"tag-fr","12":"tag-france","13":"tag-route","14":"tag-sports","15":"tag-tour-de-france","16":"tag-uci","17":"tag-velo","18":"tag-world-tour"},"share_on_mastodon":{"url":"https:\/\/pubeurope.com\/@fr\/114804472129369627","error":""},"_links":{"self":[{"href":"https:\/\/www.europesays.com\/fr\/wp-json\/wp\/v2\/posts\/229676","targetHints":{"allow":["GET"]}}],"collection":[{"href":"https:\/\/www.europesays.com\/fr\/wp-json\/wp\/v2\/posts"}],"about":[{"href":"https:\/\/www.europesays.com\/fr\/wp-json\/wp\/v2\/types\/post"}],"author":[{"embeddable":true,"href":"https:\/\/www.europesays.com\/fr\/wp-json\/wp\/v2\/users\/2"}],"replies":[{"embeddable":true,"href":"https:\/\/www.europesays.com\/fr\/wp-json\/wp\/v2\/comments?post=229676"}],"version-history":[{"count":0,"href":"https:\/\/www.europesays.com\/fr\/wp-json\/wp\/v2\/posts\/229676\/revisions"}],"wp:featuredmedia":[{"embeddable":true,"href":"https:\/\/www.europesays.com\/fr\/wp-json\/wp\/v2\/media\/229677"}],"wp:attachment":[{"href":"https:\/\/www.europesays.com\/fr\/wp-json\/wp\/v2\/media?parent=229676"}],"wp:term":[{"taxonomy":"category","embeddable":true,"href":"https:\/\/www.europesays.com\/fr\/wp-json\/wp\/v2\/categories?post=229676"},{"taxonomy":"post_tag","embeddable":true,"href":"https:\/\/www.europesays.com\/fr\/wp-json\/wp\/v2\/tags?post=229676"}],"curies":[{"name":"wp","href":"https:\/\/api.w.org\/{rel}","templated":true}]}}