{"id":229680,"date":"2025-07-06T04:49:11","date_gmt":"2025-07-06T04:49:11","guid":{"rendered":"https:\/\/www.europesays.com\/fr\/229680\/"},"modified":"2025-07-06T04:49:11","modified_gmt":"2025-07-06T04:49:11","slug":"lautrice-stephanie-rivercombe-prepare-la-sortie-de-son-septieme-roman","status":"publish","type":"post","link":"https:\/\/www.europesays.com\/fr\/229680\/","title":{"rendered":"l\u2019autrice St\u00e9phanie Rivercombe pr\u00e9pare la sortie de son septi\u00e8me roman"},"content":{"rendered":"<p>            Par<br \/>\n        <strong><br \/>\n            <a href=\"https:\/\/actu.fr\/auteur\/redaction-essonne\" title=\"Consulter tous les articles de R\u00e9daction Essonne\" target=\"_blank\" rel=\"noopener\">R\u00e9daction Essonne<\/a><br \/>\n        <\/strong><\/p>\n<p>        Publi\u00e9 le<\/p>\n<p>            6 juil. 2025 \u00e0 6h40        <\/p>\n<p>St\u00e9phanie Rivercombe est n\u00e9e avec une plume dans le berceau\u2009! La <strong>trentenaire <a href=\"https:\/\/actu.fr\/essonne\/\" target=\"_blank\" rel=\"noopener\">essonnienne<\/a><\/strong> a fait de ses r\u00eaves d\u2019enfant une r\u00e9alit\u00e9 en se lan\u00e7ant pleinement dans l\u2019\u00e9criture de <strong>romans<\/strong>. \u00ab\u2009J\u2019\u00e9cris depuis mon plus jeune \u00e2ge, et m\u00eame avant de savoir \u00e9crire, je dictais mes histoires \u00e0 mes parents. Ensuite, avec des feuilles A4 et des agrafes, je faisais de <strong>petits <a href=\"https:\/\/actu.fr\/tag\/livres\" target=\"_blank\" rel=\"noopener\">livres<\/a><\/strong> et je dessinais \u00e0 c\u00f4t\u00e9 des textes\u2009\u00bb, \u00e9voque avec enthousiasme celle qui a d\u00e9j\u00e0 sorti <strong>six ouvrages depuis 2016<\/strong>, de son premier roman Les aigles de Zeus jusqu\u2019au dernier en date, Le courage des Lionnes, publi\u00e9 en 2024.<\/p>\n<p>Un m\u00e9lange de genres litt\u00e9raires nourris par les influences de l\u2019autrice<\/p>\n<p class=\" wall-content\">\u00ab\u2009Mes th\u00e9matiques sont souvent r\u00e9currentes. Un m\u00e9lange de polar, d\u2019aventure et de fantastique, avec des intrigues inspir\u00e9es d\u2019arch\u00e9ologie, de mythologie et d\u2019histoire. Ce sont des th\u00e9matiques qui <strong>me ressemblent \u00e0 100\u2009%<\/strong>. Comme l\u2019\u00e9criture, l\u2019arch\u00e9ologie et l\u2019histoire me passionnent depuis l\u2019enfance. \u00c0 5-6\u00a0ans, je d\u00e9ambulais d\u00e9j\u00e0 dans les all\u00e9es du mus\u00e9e du Louvre avec ma grand-m\u00e8re, les mercredis apr\u00e8s-midi. J\u2019\u00e9tais particuli\u00e8rement attir\u00e9e par les galeries \u00e9gyptiennes. Adulte, j\u2019ai rejoint l\u2019Universit\u00e9 de Paris Sorbonne o\u00f9 j\u2019ai suivi des \u00e9tudes en arch\u00e9ologie. J\u2019ai fait le choix de me sp\u00e9cialiser en arch\u00e9ologie pr\u00e9colombienne pour mon master et mon doctorat. L\u2019\u00e9t\u00e9, je participais \u00e0 des chantiers de fouilles. J\u2019en garde des souvenirs incroyables\u2009\u00bb, raconte l\u2019\u00e9crivaine.<\/p>\n<p class=\" wall-content\">Passionn\u00e9e au quotidien par les enqu\u00eates, les \u00e9nigmes, percer des myst\u00e8res et les livres policiers, l\u2019autrice essonnienne se refuse \u00e0 \u00e9voquer des sujets un peu trop sombres. \u00ab\u2009C\u2019est justement quelque chose que l\u2019on ne retrouve pas dans mes romans et puis, le c\u00f4t\u00e9 policier est aussi tr\u00e8s li\u00e9 \u00e0 l\u2019arch\u00e9ologie. Apr\u00e8s tout, <strong>l\u2019arch\u00e9ologue est un enqu\u00eateur\u2009<\/strong>! Quant au fantastique, je baigne dans cet univers depuis l\u2019enfance, que ce soit \u00e0 travers les livres ou les films. Je suis aussi une aventuri\u00e8re dans l\u2019\u00e2me\u2009\u00bb, souligne St\u00e9phanie Rivercombe.<\/p>\n<p class=\" wall-content\">L\u2019autrice confie appr\u00e9cier l\u2019espace de libert\u00e9 propre \u00e0 l\u2019\u00e9criture\u2009: \u00ab\u2009Je ne m\u2019inspire pas vraiment du quotidien pour \u00e9crire. Il n\u2019y a <strong>aucune limite \u00e0 l\u2019imagination<\/strong>, aucune contrainte. Je suis libre d\u2019imaginer et de retranscrire\u2009\u00bb pr\u00e9cise l\u2019Essonnienne tout en conc\u00e9dant tout de m\u00eame \u00eatre influenc\u00e9e par certaines de ses visites. \u00ab\u2009R\u00e9cemment j\u2019ai eu un coup de c\u0153ur pour le ch\u00e2teau de Dourdan. D\u2019ailleurs, dans mon nouveau roman, une des intrigues se d\u00e9roule dans l\u2019Essonne. M\u00eame si mes personnages parcourent le monde, j\u2019aime mettre la France \u00e0 l\u2019honneur\u2009!\u2009\u00bb.<\/p>\n<p class=\" wall-content\">Actuellement en pleine \u00e9criture du<strong> tome 7<\/strong> de sa saga qui marquera la fin du premier cycle, St\u00e9phanie Rivercombe sera pr\u00e9sente en d\u00e9dicace dans le d\u00e9partement les 20 et 21\u00a0juin au magasin Auchan de Villebon-sur-Yvette, au salon du livre de Saint-Ch\u00e9ron le 13\u00a0septembre et au magasin Cultura de Sainte-Genevi\u00e8ve-des-Bois, le 25\u00a0octobre.<\/p>\n<p>Vid\u00e9os : en ce moment sur Actu<\/p>\n<p class=\" wall-content\">Suivez toute l\u2019actualit\u00e9 de vos villes et m\u00e9dias favoris en vous inscrivant \u00e0 <a href=\"https:\/\/moncompte.actu.fr\" title=\"D\u00e9couvez Mon Actu\" rel=\"nofollow noopener\" data-trk=\"{&quot;cta&quot;:{&quot;action&quot;:&quot;https:\\\/\\\/moncompte.actu.fr&quot;,&quot;category&quot;:&quot;mon compte&quot;,&quot;from&quot;:&quot;article footer&quot;,&quot;name&quot;:&quot;Mon actu&quot;,&quot;type&quot;:&quot;cta&quot;}}\" target=\"_blank\">Mon Actu<\/a>.<\/p>\n","protected":false},"excerpt":{"rendered":"Par R\u00e9daction Essonne Publi\u00e9 le 6 juil. 2025 \u00e0 6h40 St\u00e9phanie Rivercombe est n\u00e9e avec une plume dans&hellip;\n","protected":false},"author":2,"featured_media":229681,"comment_status":"","ping_status":"","sticky":false,"template":"","format":"standard","meta":{"footnotes":""},"categories":[1357],"tags":[730,1379,58,59,1011,27,1380,1652,36826],"class_list":{"0":"post-229680","1":"post","2":"type-post","3":"status-publish","4":"format-standard","5":"has-post-thumbnail","7":"category-livres","8":"tag-archeologie","9":"tag-books","10":"tag-divertissement","11":"tag-entertainment","12":"tag-fr","13":"tag-france","14":"tag-livres","15":"tag-loisirs-culture","16":"tag-sorbonne"},"share_on_mastodon":{"url":"https:\/\/pubeurope.com\/@fr\/114804488036889570","error":""},"_links":{"self":[{"href":"https:\/\/www.europesays.com\/fr\/wp-json\/wp\/v2\/posts\/229680","targetHints":{"allow":["GET"]}}],"collection":[{"href":"https:\/\/www.europesays.com\/fr\/wp-json\/wp\/v2\/posts"}],"about":[{"href":"https:\/\/www.europesays.com\/fr\/wp-json\/wp\/v2\/types\/post"}],"author":[{"embeddable":true,"href":"https:\/\/www.europesays.com\/fr\/wp-json\/wp\/v2\/users\/2"}],"replies":[{"embeddable":true,"href":"https:\/\/www.europesays.com\/fr\/wp-json\/wp\/v2\/comments?post=229680"}],"version-history":[{"count":0,"href":"https:\/\/www.europesays.com\/fr\/wp-json\/wp\/v2\/posts\/229680\/revisions"}],"wp:featuredmedia":[{"embeddable":true,"href":"https:\/\/www.europesays.com\/fr\/wp-json\/wp\/v2\/media\/229681"}],"wp:attachment":[{"href":"https:\/\/www.europesays.com\/fr\/wp-json\/wp\/v2\/media?parent=229680"}],"wp:term":[{"taxonomy":"category","embeddable":true,"href":"https:\/\/www.europesays.com\/fr\/wp-json\/wp\/v2\/categories?post=229680"},{"taxonomy":"post_tag","embeddable":true,"href":"https:\/\/www.europesays.com\/fr\/wp-json\/wp\/v2\/tags?post=229680"}],"curies":[{"name":"wp","href":"https:\/\/api.w.org\/{rel}","templated":true}]}}