{"id":229692,"date":"2025-07-06T04:57:13","date_gmt":"2025-07-06T04:57:13","guid":{"rendered":"https:\/\/www.europesays.com\/fr\/229692\/"},"modified":"2025-07-06T04:57:13","modified_gmt":"2025-07-06T04:57:13","slug":"voici-comment-alleger-la-facture-malgre-tout","status":"publish","type":"post","link":"https:\/\/www.europesays.com\/fr\/229692\/","title":{"rendered":"voici comment all\u00e9ger la facture malgr\u00e9 tout"},"content":{"rendered":"<p><strong>L&rsquo;\u00e9t\u00e9 est souvent le moment id\u00e9al pour entreprendre des travaux de r\u00e9novation.<\/strong> Cependant, face \u00e0 la popularit\u00e9 croissante de MaPrimeR\u00e9nov\u2019, il peut \u00eatre difficile d&rsquo;obtenir cette aide financi\u00e8re dans les d\u00e9lais souhait\u00e9s. Heureusement, plusieurs alternatives existent pour ceux qui souhaitent am\u00e9liorer leur habitat sans attendre.<\/p>\n<p>Que ce soit par le biais d&rsquo;autres subventions, de pr\u00eats avantageux ou de solutions innovantes, il est possible de concr\u00e9tiser ses projets tout en ma\u00eetrisant son budget.<strong> D\u00e9couvrez comment optimiser vos r\u00e9novations estivales gr\u00e2ce \u00e0 ces options vari\u00e9es<\/strong> et adapt\u00e9es \u00e0 chaque besoin. Une exploration des possibilit\u00e9s s&rsquo;impose pour transformer votre maison en un espace encore plus agr\u00e9able.<\/p>\n<p>Suspension temporaire de MaPrimeR\u00e9nov\u2019 : Impact et gestion des dossiers existants<\/p>\n<p>\u00c0 partir du 1er juillet 2025, <strong>MaPrimeR\u00e9nov\u2019 sera mise en pause jusqu&rsquo;au 15 septembre en raison d&rsquo;un budget insuffisant.<\/strong> Cette suspension est caus\u00e9e par une explosion des demandes, avec plus de 100 000 dossiers d\u00e9pos\u00e9s depuis mars, et un risque accru de fraudes. <strong>Les autorit\u00e9s ont d\u00e9cid\u00e9 de stopper temporairement le programme<\/strong> pour \u00e9viter l&rsquo;\u00e9puisement total des fonds.<\/p>\n<p>Cependant, les demandes soumises avant cette date seront trait\u00e9es, bien que les d\u00e9lais administratifs puissent s&rsquo;allonger consid\u00e9rablement.<strong> Les propri\u00e9taires devront donc patienter ou explorer d&rsquo;autres options de financement disponibles<\/strong> pour leurs projets de <a href=\"https:\/\/www.enquete-debat.fr\/aides-et-allocations\/renovation-energetique-les-nouvelles-aides-2025-qui-vont-tout-changer\/\" rel=\"nofollow noopener\" target=\"_blank\">r\u00e9novation \u00e9nerg\u00e9tique<\/a> durant cet intervalle.<\/p>\n<p>Panorama des aides toujours sur la table<\/p>\n<p>Heureusement, <a href=\"https:\/\/www.enquete-debat.fr\/immobilier\/maprimerenov-un-soutien-durable-pour-la-renovation-energetique\/\" rel=\"nofollow noopener\" target=\"_blank\">MaPrimeR\u00e9nov<\/a>\u2019 n&rsquo;est pas l&rsquo;unique soutien pour les r\u00e9novations \u00e9nerg\u00e9tiques. <strong>Les Certificats d\u2019\u00e9conomie d\u2019\u00e9nergie (CEE) continuent de proposer des primes et bons d&rsquo;achat<\/strong> via les fournisseurs d&rsquo;\u00e9nergie pour des travaux comme l&rsquo;isolation ou le remplacement de chaudi\u00e8res. <strong>L\u2019\u00c9co-pr\u00eat \u00e0 taux z\u00e9ro (\u00e9co-PTZ) offre jusqu&rsquo;\u00e0 50 000 \u20ac sans int\u00e9r\u00eats<\/strong> pour r\u00e9duire la consommation \u00e9nerg\u00e9tique d&rsquo;au moins 35 %.<\/p>\n<p><strong>La Prime \u201cCoup de pouce chauffage\u201d encourage le remplacement des vieilles chaudi\u00e8res<\/strong> par des syst\u00e8mes plus \u00e9cologiques, avec des bonus accrus pour les foyers modestes. Enfin, <strong>les collectivit\u00e9s locales proposent diverses subventions et exon\u00e9rations fiscales,<\/strong> rendant ces alternatives attractives pour ceux qui souhaitent avancer dans leurs projets cet \u00e9t\u00e9.<\/p>\n<p>Conseils pour un \u00e9t\u00e9 sans prise de chaleur<\/p>\n<p>Pour optimiser vos r\u00e9novations \u00e9nerg\u00e9tiques cet \u00e9t\u00e9, il est crucial d&rsquo;adopter une approche m\u00e9thodique. <strong>Commencez par anticiper et comparer les devis<\/strong> : sollicitez au moins trois entreprises certifi\u00e9es pour \u00e9viter les mauvaises surprises. <strong>Pr\u00e9parez un dossier complet incluant DPE,<\/strong> justificatifs de revenus et de propri\u00e9t\u00e9 afin d&rsquo;\u00eatre pr\u00eat d\u00e8s la reprise de MaPrimeR\u00e9nov\u2019.<\/p>\n<p><strong>Combinez intelligemment les aides disponibles<\/strong> : associer CEE, \u00e9co-PTZ et primes locales peut couvrir jusqu&rsquo;\u00e0 60 % des co\u00fbts totaux. Enfin,<strong> privil\u00e9giez une r\u00e9novation globale plut\u00f4t que partielle<\/strong> pour maximiser les \u00e9conomies d&rsquo;\u00e9nergie et b\u00e9n\u00e9ficier pleinement des subventions. En planifiant soigneusement, vous pouvez transformer votre logement tout en all\u00e9geant vos factures futures.<\/p>\n","protected":false},"excerpt":{"rendered":"L&rsquo;\u00e9t\u00e9 est souvent le moment id\u00e9al pour entreprendre des travaux de r\u00e9novation. Cependant, face \u00e0 la popularit\u00e9 croissante&hellip;\n","protected":false},"author":2,"featured_media":229693,"comment_status":"","ping_status":"","sticky":false,"template":"","format":"standard","meta":{"footnotes":""},"categories":[6],"tags":[35,33,34,1011,27,1116,4720],"class_list":{"0":"post-229692","1":"post","2":"type-post","3":"status-publish","4":"format-standard","5":"has-post-thumbnail","7":"category-economie","8":"tag-business","9":"tag-economie","10":"tag-economy","11":"tag-fr","12":"tag-france","13":"tag-immobilier","14":"tag-maprimernov"},"share_on_mastodon":{"url":"https:\/\/pubeurope.com\/@fr\/114804519322157811","error":""},"_links":{"self":[{"href":"https:\/\/www.europesays.com\/fr\/wp-json\/wp\/v2\/posts\/229692","targetHints":{"allow":["GET"]}}],"collection":[{"href":"https:\/\/www.europesays.com\/fr\/wp-json\/wp\/v2\/posts"}],"about":[{"href":"https:\/\/www.europesays.com\/fr\/wp-json\/wp\/v2\/types\/post"}],"author":[{"embeddable":true,"href":"https:\/\/www.europesays.com\/fr\/wp-json\/wp\/v2\/users\/2"}],"replies":[{"embeddable":true,"href":"https:\/\/www.europesays.com\/fr\/wp-json\/wp\/v2\/comments?post=229692"}],"version-history":[{"count":0,"href":"https:\/\/www.europesays.com\/fr\/wp-json\/wp\/v2\/posts\/229692\/revisions"}],"wp:featuredmedia":[{"embeddable":true,"href":"https:\/\/www.europesays.com\/fr\/wp-json\/wp\/v2\/media\/229693"}],"wp:attachment":[{"href":"https:\/\/www.europesays.com\/fr\/wp-json\/wp\/v2\/media?parent=229692"}],"wp:term":[{"taxonomy":"category","embeddable":true,"href":"https:\/\/www.europesays.com\/fr\/wp-json\/wp\/v2\/categories?post=229692"},{"taxonomy":"post_tag","embeddable":true,"href":"https:\/\/www.europesays.com\/fr\/wp-json\/wp\/v2\/tags?post=229692"}],"curies":[{"name":"wp","href":"https:\/\/api.w.org\/{rel}","templated":true}]}}