{"id":229717,"date":"2025-07-06T05:17:11","date_gmt":"2025-07-06T05:17:11","guid":{"rendered":"https:\/\/www.europesays.com\/fr\/229717\/"},"modified":"2025-07-06T05:17:11","modified_gmt":"2025-07-06T05:17:11","slug":"histoires-de-1975-il-y-a-50-ans-a-strasbourg-rififi-a-la-prison-et-joutes-en-peril","status":"publish","type":"post","link":"https:\/\/www.europesays.com\/fr\/229717\/","title":{"rendered":"Histoires de 1975. Il y a 50 ans \u00e0 Strasbourg, rififi \u00e0 la prison et joutes en p\u00e9ril"},"content":{"rendered":"<p>                    Une prison-passoire<\/p>\n<p>Le mardi 1er\u00a0juillet, un d\u00e9tenu de la prison de la rue du Fil, inculp\u00e9 pour complicit\u00e9 dans un hold-up, veut manifester contre la lenteur de l\u2019instruction. Lors de la promenade, il escalade un mur le long d\u2019une goutti\u00e8re avant de se r\u00e9fugier sur la toiture du b\u00e2timent. Il menace de se jeter dans le vide si les pompiers d\u00e9ploient leur \u00e9chelle. Apr\u00e8s une heure de discussions, il accepte de r\u00e9int\u00e9grer le b\u00e2timent sous les yeux d\u2019une foule de curieux regroup\u00e9s devant le b\u00e2timent des ch\u00e8ques postaux de la rue de la Fonderie. Une semaine plus tard, un autre d\u00e9tenu, \u00e9galement condamn\u00e9 pour hold-up tente la m\u00eame exp\u00e9rience. Il reste deux heures sur le toit avant de regagner sa cellule.<\/p>\n<p>La situation tourne au ridicule car deux semaines plus tard le m\u00eame individu se retrouve \u00e0 nouveau sur le toit toujours pour appuyer ses revendications. Les faits de ce genre ainsi que les \u00e9vasions se multiplient dans le vieux b\u00e2timent surpeupl\u00e9 et mal surveill\u00e9. En avril, suite \u00e0 l\u2019\u00e9vasion de&#8230;<\/p>\n","protected":false},"excerpt":{"rendered":"Une prison-passoire Le mardi 1er\u00a0juillet, un d\u00e9tenu de la prison de la rue du Fil, inculp\u00e9 pour complicit\u00e9&hellip;\n","protected":false},"author":2,"featured_media":229718,"comment_status":"","ping_status":"","sticky":false,"template":"","format":"standard","meta":{"footnotes":""},"categories":[2820],"tags":[1111,11,2880,1777,674,107,1011,27,775,937,12,25,104,640,2879,1631],"class_list":{"0":"post-229717","1":"post","2":"type-post","3":"status-publish","4":"format-standard","5":"has-post-thumbnail","7":"category-strasbourg","8":"tag-actu","9":"tag-actualites","10":"tag-edition-strasbourg","11":"tag-eu","12":"tag-europe","13":"tag-fil-info","14":"tag-fr","15":"tag-france","16":"tag-grand-est","17":"tag-histoire","18":"tag-news","19":"tag-republique-francaise","20":"tag-societe","21":"tag-strasbourg","22":"tag-strasbourg-ville","23":"tag-vie-associative"},"share_on_mastodon":{"url":"https:\/\/pubeurope.com\/@fr\/114804598021424780","error":""},"_links":{"self":[{"href":"https:\/\/www.europesays.com\/fr\/wp-json\/wp\/v2\/posts\/229717","targetHints":{"allow":["GET"]}}],"collection":[{"href":"https:\/\/www.europesays.com\/fr\/wp-json\/wp\/v2\/posts"}],"about":[{"href":"https:\/\/www.europesays.com\/fr\/wp-json\/wp\/v2\/types\/post"}],"author":[{"embeddable":true,"href":"https:\/\/www.europesays.com\/fr\/wp-json\/wp\/v2\/users\/2"}],"replies":[{"embeddable":true,"href":"https:\/\/www.europesays.com\/fr\/wp-json\/wp\/v2\/comments?post=229717"}],"version-history":[{"count":0,"href":"https:\/\/www.europesays.com\/fr\/wp-json\/wp\/v2\/posts\/229717\/revisions"}],"wp:featuredmedia":[{"embeddable":true,"href":"https:\/\/www.europesays.com\/fr\/wp-json\/wp\/v2\/media\/229718"}],"wp:attachment":[{"href":"https:\/\/www.europesays.com\/fr\/wp-json\/wp\/v2\/media?parent=229717"}],"wp:term":[{"taxonomy":"category","embeddable":true,"href":"https:\/\/www.europesays.com\/fr\/wp-json\/wp\/v2\/categories?post=229717"},{"taxonomy":"post_tag","embeddable":true,"href":"https:\/\/www.europesays.com\/fr\/wp-json\/wp\/v2\/tags?post=229717"}],"curies":[{"name":"wp","href":"https:\/\/api.w.org\/{rel}","templated":true}]}}