{"id":229719,"date":"2025-07-06T05:18:15","date_gmt":"2025-07-06T05:18:15","guid":{"rendered":"https:\/\/www.europesays.com\/fr\/229719\/"},"modified":"2025-07-06T05:18:15","modified_gmt":"2025-07-06T05:18:15","slug":"entreprenariales-pas-assez-de-courage-en-france-car-on-ne-lenseigne-pas","status":"publish","type":"post","link":"https:\/\/www.europesays.com\/fr\/229719\/","title":{"rendered":"Entreprenariales : \u00ab Pas assez de courage en France car on ne l\u2019enseigne pas \u00bb"},"content":{"rendered":"<p>                    <img loading=\"lazy\" decoding=\"async\" src=\"https:\/\/www.europesays.com\/fr\/wp-content\/uploads\/2025\/07\/c02dcd77b281db6831fc23ec50c04a.jpg\" class=\"img-responsive post-image\" width=\"680\" height=\"510\" alt=\"Entreprenariales : \u00ab (\u2026)\" title=\"Entreprenariales : \u00ab Pas assez de courage en France car on ne l'enseigne pas \u00bb\"\/><\/p>\n<p class=\"chapo\">Quatre personnalit\u00e9s ont livr\u00e9 leur vision du courage en lien avec le monde entrepreneurial lors de la 24e \u00e9dition, le 26 juin\u00a0: Pierre de Villiers, Laura Flessel, Arnaud Montebourg et Pierre Ippolito.<\/p>\n<p>Il a fallu une certaine dose de courage aux visiteurs du matin (5 000 au total sur la journ\u00e9e) pour assister \u00e0 la premi\u00e8re conf\u00e9rence, celle de <strong>Pierre de Villiers,<\/strong> ancien chef d\u2019\u00e9tat-major des arm\u00e9es.<\/p>\n<p>\t\t<img loading=\"lazy\" decoding=\"async\" src=\"https:\/\/www.europesays.com\/fr\/wp-content\/uploads\/2025\/07\/vertical_article_small-18.png\" width=\"375\" height=\"463\" alt=\"\"\/><\/p>\n<p>Laura Flessel et Morgane Chavanier, directrice g\u00e9n\u00e9rale des Mutuelles du Soleil. \u00a9S.G\n<\/p>\n<p>\u00c0 11h00, le soleil, implacable, n\u2019\u00e9pargnait pas les tribunes du stade Allianz Riviera, sur la pelouse duquel avait \u00e9t\u00e9 install\u00e9e la sc\u00e8ne d\u00e9di\u00e9e aux grands \u00e9changes de la journ\u00e9e. Mais la parole du g\u00e9n\u00e9ral d\u2019arm\u00e9e se fait plut\u00f4t rare (malgr\u00e9 ses 150 sollicitations par mois) et sa vision ne peut laisser personne indiff\u00e9rent. Pour le g\u00e9n\u00e9ral d\u2019arm\u00e9e, la France doit \u00ab\u00a0se r\u00e9former en profondeur rapidement (\u2026) m\u00eame si nous sommes dans une situation \u00e9conomique et financi\u00e8re difficile\u00a0\u00bb. <br class=\"autobr\"\/><br \/>\nInterrog\u00e9 sur ses secrets quant au recrutement et \u00e0 la fid\u00e9lisation de jeunes talents, il a expliqu\u00e9 qu\u2019il y avait quatre mots cl\u00e9s \u00e0 avoir en t\u00eate\u00a0: la confiance (\u00ab\u00a0qui cr\u00e9e la performance, c\u2019est la base de tout\u00a0\u00bb)\u00a0; l\u2019autorit\u00e9 (\u00ab\u00a0un \u00e9quilibre subtil entre fermet\u00e9 et humanit\u00e9\u00a0\u00bb)\u00a0; la strat\u00e9gie (\u00ab\u00a0les jeunes ont besoin de temps long et ont besoin de r\u00eaver\u00a0\u00bb) et le leadership. En parlant de ce dernier point, <br class=\"autobr\"\/><br \/>\nPierre de Villiers, auteur de \u00ab\u00a0Qu\u2019est-ce qu\u2019un chef\u00a0?\u00a0\u00bb (2018) et de \u00ab\u00a0L\u2019\u00e9quilibre est un <br class=\"autobr\"\/><br \/>\ncourage\u00a0\u00bb (2020), a assur\u00e9 qu\u2019il nous fallait\u00a0des chefs. \u00ab\u00a0Il y en a marre des gestionnaires et des experts\u00a0\u00bb, a-t-il ass\u00e9n\u00e9, louant \u00ab\u00a0la capacit\u00e9 \u00e0 trancher et \u00e0 d\u00e9cider\u00a0\u00bb. Au sujet du courage, il a affirm\u00e9 qu\u2019il n\u2019y en avait \u00ab\u00a0pas assez (\u2026.) en France car on n\u2019enseigne pas\u00a0le courage \u00a0\u00bb. <br class=\"autobr\"\/><br \/>\nLe g\u00e9n\u00e9ral a parl\u00e9 de deux niveaux de courage\u00a0: \u00ab\u00a0\u00a0le petit courage, celui du quotidien, <br class=\"autobr\"\/><br \/>\nl\u2019inverse de la paresse, et le grand courage, l\u2019inverse de la l\u00e2chet\u00e9\u00a0\u00bb. Et le courage se nourrit avec six valeurs\u00a0: l\u2019exemplarit\u00e9, l\u2019authenticit\u00e9, l\u2019enthousiasme, l\u2019humilit\u00e9, l\u2019ouverture aux autres et l\u2019\u00e9quilibre.<\/p>\n<p>Lire aussi\u00a0: <a href=\"https:\/\/www.petitesaffiches.fr\/actualites,069\/passation-a-l-upe-06-du-courage-et,36057.html\" rel=\"nofollow noopener\" target=\"_blank\">Passation \u00e0 l\u2019UPE 06\u00a0: Du courage et de la responsabilit\u00e9<\/a><br class=\"autobr\"\/><br \/>\n\u00ab\u00a0Du courage et du culot\u00a0\u00bb\u00a0<\/p>\n<p>\u00c9galement  invit\u00e9e \u00e0 s\u2019exprimer sur ce th\u00e8me\u00a0: <strong>Laura Flessel,<\/strong> ancienne escrimeuse, plusieurs fois m\u00e9daill\u00e9e aux Jeux Olympiques, ancienne ministre des Sports, aujourd\u2019hui entrepreneure. Revenant sur son parcours de sportive de haut niveau, elle a confi\u00e9 qu\u2019elle avait \u00e9t\u00e9 \u00ab\u00a0\u00a0propuls\u00e9e par le travail acharn\u00e9 et par la r\u00e9p\u00e9tition\u00a0\u00a0\u00bb. \u00ab\u00a0Il faut du courage et du culot, a-t-elle expliqu\u00e9. Et \u00e0 30 ans, on peut \u00eatre championne, maman et cheffe d\u2019entreprise\u00a0\u00bb. Mais il faut aussi selon elle \u00ab\u00a0avoir le courage d\u2019affirmer ses faiblesses\u00a0\u00a0\u00bb.<\/p>\n<p>\t\t<img loading=\"lazy\" decoding=\"async\" src=\"https:\/\/www.europesays.com\/fr\/wp-content\/uploads\/2025\/07\/vertical_article_small_copie-4.png\" width=\"450\" height=\"555\" alt=\"\"\/><\/p>\n<p>Pierre Ippolito et Arnaud Montebourg \u00a9S.G\n<\/p>\n<p>Les derniers \u00e0 s\u2019exprimer sur le courage ont \u00e9t\u00e9 <strong>Arnaud Montebourg<\/strong> et <strong>Pierre Ippolito<\/strong>. L\u2019ancien ministre du Redressement productif a d\u2019abord d\u00e9crit un tableau peu reluisant de l\u2019\u00e9conomie fran\u00e7aise\u00a0: \u00ab\u00a0Nous ne produisons presque plus rien de nos besoins. Nous sommes en situation de d\u00e9pendance. Nous ne travaillons pas assez\u00a0\u00bb. Il va falloir selon lui que les dirigeants, actuels et \u00e0 venir, aient le courage d\u2019investir abondamment dans le secteur industriel, afin de relocaliser, et d\u2019arriver ainsi au niveau de l\u2019Espagne (environ 15\u00a0% du PIB pour la production industrielle). <br class=\"autobr\"\/><br \/>\nPierre Ippolito a regrett\u00e9 qu\u2019il n\u2019y ait \u00ab\u00a0aucune strat\u00e9gie \u00e9conomique. Aujourd\u2019hui, il nous faut un cap clair. On doit faire des choix courageux pour revaloriser le travail\u00a0\u00bb. Le probl\u00e8me pour Arnaud Montebourg vient du fait que \u00ab\u00a0\u00a0nous n\u2019avons pas de syst\u00e8me politique en \u00e9tat de marche. C\u2019est la haute fonction publique qui d\u00e9cide, avec une inflation de normes en tous genres\u00a0\u00a0\u00bb. L\u2019ancien ministre socialiste a salu\u00e9 l\u2019initiative de l\u2019UPE 06 avec son dispositif Boost C\u00f4te d\u2019Azur qui permet de financer les entreprises pour les aider \u00e0 faire de la croissance externe. \u00ab\u00a0Faire du financement local sur le local\u00a0\u00a0\u00bb, a soulign\u00e9 Pierre Ippolito. \u00ab\u00a0C\u2019est exactement ce qu\u2019il faut faire\u00a0\u00a0\u00bb, a applaudi Arnaud Montebourg. \u00ab\u00a0Le sujet c\u2019est comment on recr\u00e9e de l\u2019activit\u00e9 pour \u00eatre de plus en plus nombreux \u00e0 travailler.\u00a0\u00bb<\/p>\n<p>Photo de Une Jean-Fran\u00e7ois Puissegur, de l\u2019UPE 06, et le g\u00e9n\u00e9ral Pierre de Villiers. \u00a9S.G<\/p>\n","protected":false},"excerpt":{"rendered":"Quatre personnalit\u00e9s ont livr\u00e9 leur vision du courage en lien avec le monde entrepreneurial lors de la 24e&hellip;\n","protected":false},"author":2,"featured_media":229720,"comment_status":"","ping_status":"","sticky":false,"template":"","format":"standard","meta":{"footnotes":""},"categories":[2819],"tags":[1111,11,2408,1777,674,1011,27,12,2401,882,25],"class_list":{"0":"post-229719","1":"post","2":"type-post","3":"status-publish","4":"format-standard","5":"has-post-thumbnail","7":"category-nice","8":"tag-actu","9":"tag-actualites","10":"tag-appels-d","11":"tag-eu","12":"tag-europe","13":"tag-fr","14":"tag-france","15":"tag-news","16":"tag-nice","17":"tag-provence-alpes-cote-dazur","18":"tag-republique-francaise"},"share_on_mastodon":{"url":"https:\/\/pubeurope.com\/@fr\/114804602083064881","error":""},"_links":{"self":[{"href":"https:\/\/www.europesays.com\/fr\/wp-json\/wp\/v2\/posts\/229719","targetHints":{"allow":["GET"]}}],"collection":[{"href":"https:\/\/www.europesays.com\/fr\/wp-json\/wp\/v2\/posts"}],"about":[{"href":"https:\/\/www.europesays.com\/fr\/wp-json\/wp\/v2\/types\/post"}],"author":[{"embeddable":true,"href":"https:\/\/www.europesays.com\/fr\/wp-json\/wp\/v2\/users\/2"}],"replies":[{"embeddable":true,"href":"https:\/\/www.europesays.com\/fr\/wp-json\/wp\/v2\/comments?post=229719"}],"version-history":[{"count":0,"href":"https:\/\/www.europesays.com\/fr\/wp-json\/wp\/v2\/posts\/229719\/revisions"}],"wp:featuredmedia":[{"embeddable":true,"href":"https:\/\/www.europesays.com\/fr\/wp-json\/wp\/v2\/media\/229720"}],"wp:attachment":[{"href":"https:\/\/www.europesays.com\/fr\/wp-json\/wp\/v2\/media?parent=229719"}],"wp:term":[{"taxonomy":"category","embeddable":true,"href":"https:\/\/www.europesays.com\/fr\/wp-json\/wp\/v2\/categories?post=229719"},{"taxonomy":"post_tag","embeddable":true,"href":"https:\/\/www.europesays.com\/fr\/wp-json\/wp\/v2\/tags?post=229719"}],"curies":[{"name":"wp","href":"https:\/\/api.w.org\/{rel}","templated":true}]}}