{"id":229721,"date":"2025-07-06T05:19:09","date_gmt":"2025-07-06T05:19:09","guid":{"rendered":"https:\/\/www.europesays.com\/fr\/229721\/"},"modified":"2025-07-06T05:19:09","modified_gmt":"2025-07-06T05:19:09","slug":"cette-plante-exotique-invasive-et-dangereuse-pour-lhomme-est-traquee-pres-de-nice","status":"publish","type":"post","link":"https:\/\/www.europesays.com\/fr\/229721\/","title":{"rendered":"Cette plante exotique, invasive et dangereuse pour l&rsquo;homme est traqu\u00e9e pr\u00e8s de Nice"},"content":{"rendered":"<p>            Par<br \/>\n        <strong><br \/>\n            <a href=\"https:\/\/actu.fr\/auteur\/thomas-blanc\" title=\"Consulter tous les articles de Thomas Blanc\" rel=\"nofollow noopener\" target=\"_blank\">Thomas Blanc<\/a><br \/>\n        <\/strong><\/p>\n<p>        Publi\u00e9 le<\/p>\n<p>            6 juil. 2025 \u00e0 6h30        <\/p>\n<p>Ils \u00e9taient plus de vingt r\u00e9unis entre <strong>le lac de Thorenc <\/strong>(sur la commune d\u2019Andon)<strong> et Valderoure<\/strong>, au nord-ouest de <a href=\"https:\/\/actu.fr\/?s=nice\" rel=\"nofollow noopener\" target=\"_blank\">Nice<\/a>, pour une chasse un petit peu particuli\u00e8re. Ce qu\u2019ils recherchaient est r\u00e9put\u00e9 dangereux et a prolif\u00e9r\u00e9 des ann\u00e9es durant dans les <a href=\"https:\/\/actu.fr\/?s=Alpes+Maritimes\" rel=\"nofollow noopener\" target=\"_blank\">Alpes-Maritimes<\/a>. Une lutte contre cette esp\u00e8ce a \u00e9t\u00e9 mise en place par le <strong>Conservatoire d\u2019espaces naturels de Provence-Alpes-C\u00f4te-d\u2019Azur<\/strong> et soutenue notamment par le d\u00e9partement. La lutte s\u2019op\u00e8re depuis plus de dix ans, et c\u2019est ce jeudi 3\u00a0juillet 2025 que s\u2019est tenue une nouvelle journ\u00e9e de sensibilisation.<\/p>\n<p>Une plante qui pr\u00e9sente un risque sanitaire<\/p>\n<p class=\" wall-content\">Comme son nom l\u2019indique, la <strong>Berce du Caucase<\/strong> est originaire de Russie et de G\u00e9orgie. Elle prolif\u00e8re en Europe de l\u2019Ouest depuis le XIXe\u00a0si\u00e8cle, apr\u00e8s qu\u2019elle y a \u00e9t\u00e9 introduite.<\/p>\n<p class=\" wall-content\">Le principal d\u00e9faut de cette esp\u00e8ce, qui atteint les 4\u00a0m\u00e8tres de haut pour les sp\u00e9cimens en fleur, est d\u2019\u00eatre une <strong>plante invasive comportant en plus un risque sanitaire<\/strong>.<\/p>\n<p class=\" wall-content\">\u00ab\u2009<strong>Sa s\u00e8ve est photosensible<\/strong>, c\u2019est-\u00e0-dire qu\u2019elle r\u00e9agit \u00e0 la lumi\u00e8re et provoque <strong>d\u2019importantes br\u00fblures<\/strong> si l\u2019on en a sur la peau\u2009\u00bb, explique Laur\u00e8ne Chevallier, animatrice projets de conservation au Conservatoire d\u2019espaces naturels de Paca.<\/p>\n<p class=\" wall-content\">\n<p class=\" wall-content\">Pour endiguer son d\u00e9veloppement, le Conservatoire organise une fois par an une journ\u00e9e de sensibilisation et d\u2019arrachage de cette esp\u00e8ce.<\/p>\n<p>300 pieds recens\u00e9s<\/p>\n<p class=\" wall-content\">Ce jeudi 3\u00a0juillet 2025, elle a r\u00e9uni, entre autres, des b\u00e9n\u00e9voles de tous \u00e2ges, le <strong>Conseil d\u00e9partemental des Alpes-Maritimes<\/strong>, les Parcs r\u00e9gionaux du Verdon et des Pr\u00e9alpes d\u2019Azur ainsi que la Force Op\u00e9rationnelle Risques Catastrophes Environnement des Alpes-Maritimes, autrement appel\u00e9e Force 06.<\/p>\n<p class=\" wall-content\">\u00ab\u2009Au vu du <strong>danger<\/strong> que repr\u00e9sente cette esp\u00e8ce, seule la Force 06 peut proc\u00e9der \u00e0 l\u2019arrachage des pieds que l\u2019on trouve. Les b\u00e9n\u00e9voles pr\u00e9sents nous aident, eux, \u00e0 faire les pointages GPS. Ils marquent les pieds de Berce du Caucase pour qu\u2019ils soient ensuite retir\u00e9s\u2009\u00bb, d\u00e9crit encore Laur\u00e8ne Chevallier.<\/p>\n<p>De 1000 \u00e0 300 pieds<\/p>\n<p class=\" wall-content\">Et \u00e7a sembler payer. Une v\u00e9ritable <strong>r\u00e9gression<\/strong> de la population de la Berce du Caucase a \u00e9t\u00e9 constat\u00e9e dans ce secteur tr\u00e8s fr\u00e9quent\u00e9 par les promeneurs.<\/p>\n<blockquote class=\"ac-article-quote wall-content\">\n<p>Cette ann\u00e9e, sur les cinq secteurs que nous traversons entre le lac de Thorenc et Valderoure, nous en avons d\u00e9nombr\u00e9 300. En 2024\u2009: il y en avait 800. Et, les ann\u00e9es pr\u00e9c\u00e9dentes, nous \u00e9tions constamment au-dessus de 1\u2009000.<\/p>\n<p>    <strong>Laur\u00e8ne Chevallier<\/strong>\n            <\/p><\/blockquote>\n<p class=\" wall-content\">Si vous souhaitez participer b\u00e9n\u00e9volement \u00e0 la prochaine journ\u00e9e de sensibilisation, qui aura lieu dans un an, il faudra vous rendre sur le site du <a href=\"https:\/\/cen-paca.org\/\" rel=\"nofollow noopener\" target=\"_blank\">Conservatoire d\u2019espaces naturels de Provence-Alpes-C\u00f4te d\u2019azur<\/a> ou bien sur ses r\u00e9seaux sociaux.<\/p>\n<p class=\" wall-content\">Suivez toute l\u2019actualit\u00e9 de vos villes et m\u00e9dias favoris en vous inscrivant \u00e0 <a href=\"https:\/\/moncompte.actu.fr\" title=\"D\u00e9couvez Mon Actu\" rel=\"nofollow noopener\" data-trk=\"{&quot;cta&quot;:{&quot;action&quot;:&quot;https:\\\/\\\/moncompte.actu.fr&quot;,&quot;category&quot;:&quot;mon compte&quot;,&quot;from&quot;:&quot;article footer&quot;,&quot;name&quot;:&quot;Mon actu&quot;,&quot;type&quot;:&quot;cta&quot;}}\" target=\"_blank\">Mon Actu<\/a>.<\/p>\n","protected":false},"excerpt":{"rendered":"Par Thomas Blanc Publi\u00e9 le 6 juil. 2025 \u00e0 6h30 Ils \u00e9taient plus de vingt r\u00e9unis entre le&hellip;\n","protected":false},"author":2,"featured_media":229722,"comment_status":"","ping_status":"","sticky":false,"template":"","format":"standard","meta":{"footnotes":""},"categories":[2819],"tags":[1111,11,436,1777,674,1011,27,12,2401,882,25,104],"class_list":{"0":"post-229721","1":"post","2":"type-post","3":"status-publish","4":"format-standard","5":"has-post-thumbnail","7":"category-nice","8":"tag-actu","9":"tag-actualites","10":"tag-environnement","11":"tag-eu","12":"tag-europe","13":"tag-fr","14":"tag-france","15":"tag-news","16":"tag-nice","17":"tag-provence-alpes-cote-dazur","18":"tag-republique-francaise","19":"tag-societe"},"share_on_mastodon":{"url":"https:\/\/pubeurope.com\/@fr\/114804605883357878","error":""},"_links":{"self":[{"href":"https:\/\/www.europesays.com\/fr\/wp-json\/wp\/v2\/posts\/229721","targetHints":{"allow":["GET"]}}],"collection":[{"href":"https:\/\/www.europesays.com\/fr\/wp-json\/wp\/v2\/posts"}],"about":[{"href":"https:\/\/www.europesays.com\/fr\/wp-json\/wp\/v2\/types\/post"}],"author":[{"embeddable":true,"href":"https:\/\/www.europesays.com\/fr\/wp-json\/wp\/v2\/users\/2"}],"replies":[{"embeddable":true,"href":"https:\/\/www.europesays.com\/fr\/wp-json\/wp\/v2\/comments?post=229721"}],"version-history":[{"count":0,"href":"https:\/\/www.europesays.com\/fr\/wp-json\/wp\/v2\/posts\/229721\/revisions"}],"wp:featuredmedia":[{"embeddable":true,"href":"https:\/\/www.europesays.com\/fr\/wp-json\/wp\/v2\/media\/229722"}],"wp:attachment":[{"href":"https:\/\/www.europesays.com\/fr\/wp-json\/wp\/v2\/media?parent=229721"}],"wp:term":[{"taxonomy":"category","embeddable":true,"href":"https:\/\/www.europesays.com\/fr\/wp-json\/wp\/v2\/categories?post=229721"},{"taxonomy":"post_tag","embeddable":true,"href":"https:\/\/www.europesays.com\/fr\/wp-json\/wp\/v2\/tags?post=229721"}],"curies":[{"name":"wp","href":"https:\/\/api.w.org\/{rel}","templated":true}]}}