{"id":229724,"date":"2025-07-06T05:21:15","date_gmt":"2025-07-06T05:21:15","guid":{"rendered":"https:\/\/www.europesays.com\/fr\/229724\/"},"modified":"2025-07-06T05:21:15","modified_gmt":"2025-07-06T05:21:15","slug":"fc-nantes-nicolas-cozza-restera-nantais-la-saison-prochaine-sport","status":"publish","type":"post","link":"https:\/\/www.europesays.com\/fr\/229724\/","title":{"rendered":"FC Nantes. Nicolas Cozza restera Nantais la saison prochaine . Sport"},"content":{"rendered":"<p>Alors qu\u2019il avait officiellement annonc\u00e9 son d\u00e9part sur ses r\u00e9seaux sociaux le 19\u00a0mai, Nicolas Cozza portera bien la tunique des Canaris pour la saison \u00e0 venir. Selon L\u2019Equipe ce samedi 5\u00a0juillet 2025 , les deux clubs se sont de nouveau mis d\u2019accord pour un pr\u00eat sec du d\u00e9fenseur, le troisi\u00e8me cons\u00e9cutif.<\/p>\n<p>La troisi\u00e8me recrue des Canaris<\/p>\n<p>La formation allemande prendra en charge une partie du salaire du d\u00e9fenseur. Il s\u2019agit donc de la troisi\u00e8me recrue estivale des Jaune et Vert, apr\u00e8s <a href=\"https:\/\/nantes.maville.com\/sport\/detail_-football.-mercato-le-fc-nantes-tient-sa-premiere-recrue-_8-6871054_actu.Htm\" target=\"_self\" rel=\"noopener\">le d\u00e9fenseur Serbe\u00a0Uros Radakovic<\/a> et le jeune gardien\u00a0Alexis Mirbach (20\u00a0ans).<\/p>\n<p>Le joueur va d\u00e9couvrir Luis Castro et son staff, et ce d\u00e8s lundi, puisqu\u2019il est attendu \u00e0 la Joneli\u00e8re pour l\u2019entra\u00eenement. L\u2019entra\u00eeneur Portugais en avait fait une cible prioritaire pour le mercato.<\/p>\n<p>\u00a0<\/p>\n","protected":false},"excerpt":{"rendered":"Alors qu\u2019il avait officiellement annonc\u00e9 son d\u00e9part sur ses r\u00e9seaux sociaux le 19\u00a0mai, Nicolas Cozza portera bien la&hellip;\n","protected":false},"author":2,"featured_media":229725,"comment_status":"","ping_status":"","sticky":false,"template":"","format":"standard","meta":{"footnotes":""},"categories":[2818],"tags":[1111,11,3809,1465,1777,674,63,1011,27,1792,1922,766,12,2636,25,479,517,1470],"class_list":{"0":"post-229724","1":"post","2":"type-post","3":"status-publish","4":"format-standard","5":"has-post-thumbnail","7":"category-nantes","8":"tag-actu","9":"tag-actualites","10":"tag-ball","11":"tag-basket","12":"tag-eu","13":"tag-europe","14":"tag-football","15":"tag-fr","16":"tag-france","17":"tag-handball","18":"tag-info","19":"tag-nantes","20":"tag-news","21":"tag-pays-de-la-loire","22":"tag-republique-francaise","23":"tag-rugby","24":"tag-sport","25":"tag-volley"},"share_on_mastodon":{"url":"https:\/\/pubeurope.com\/@fr\/114804613682951669","error":""},"_links":{"self":[{"href":"https:\/\/www.europesays.com\/fr\/wp-json\/wp\/v2\/posts\/229724","targetHints":{"allow":["GET"]}}],"collection":[{"href":"https:\/\/www.europesays.com\/fr\/wp-json\/wp\/v2\/posts"}],"about":[{"href":"https:\/\/www.europesays.com\/fr\/wp-json\/wp\/v2\/types\/post"}],"author":[{"embeddable":true,"href":"https:\/\/www.europesays.com\/fr\/wp-json\/wp\/v2\/users\/2"}],"replies":[{"embeddable":true,"href":"https:\/\/www.europesays.com\/fr\/wp-json\/wp\/v2\/comments?post=229724"}],"version-history":[{"count":0,"href":"https:\/\/www.europesays.com\/fr\/wp-json\/wp\/v2\/posts\/229724\/revisions"}],"wp:featuredmedia":[{"embeddable":true,"href":"https:\/\/www.europesays.com\/fr\/wp-json\/wp\/v2\/media\/229725"}],"wp:attachment":[{"href":"https:\/\/www.europesays.com\/fr\/wp-json\/wp\/v2\/media?parent=229724"}],"wp:term":[{"taxonomy":"category","embeddable":true,"href":"https:\/\/www.europesays.com\/fr\/wp-json\/wp\/v2\/categories?post=229724"},{"taxonomy":"post_tag","embeddable":true,"href":"https:\/\/www.europesays.com\/fr\/wp-json\/wp\/v2\/tags?post=229724"}],"curies":[{"name":"wp","href":"https:\/\/api.w.org\/{rel}","templated":true}]}}