{"id":229734,"date":"2025-07-06T05:27:29","date_gmt":"2025-07-06T05:27:29","guid":{"rendered":"https:\/\/www.europesays.com\/fr\/229734\/"},"modified":"2025-07-06T05:27:29","modified_gmt":"2025-07-06T05:27:29","slug":"tour-de-france-2025-a-lille-photos-actualites","status":"publish","type":"post","link":"https:\/\/www.europesays.com\/fr\/229734\/","title":{"rendered":"Tour de France 2025 \u00e0 Lille, photos \/ Actualit\u00e9s"},"content":{"rendered":"<p>Voici le best-of de nos photos prises lors du Grand D\u00e9part du Tour de France 2025 de cyclisme \u00e0 Lille en juillet 2025 !<\/p>\n<p>            <img loading=\"lazy\" decoding=\"async\" src=\"\/var\/www\/storage\/images\/mediatheque\/mairie-de-lille\/actualites\/objets-multimedia\/galeries-d-images\/2025\/juillet-2025\/tour-de-france-2025-premiere-etape\/tour-de-france-2025-premiere-etape-a-lille2\/3814994-1-fre-FR\/Tour-de-France-2025-premiere-etape-a-Lille_news_image_top.jpg\" width=\"779\" height=\"517\" alt=\"\"\/><br \/>\n    \tTour de France 2025 : premi\u00e8re \u00e9tape \u00e0 Lille. Photo Ville de Lille<\/p>\n<p>L&rsquo;\u00e9tape Lille-Lille<\/p>\n<p>Le Belge Jasper Philipsen (Alpecin Deceuninck) a remport\u00e9 la premi\u00e8re \u00e9tape du Tour de France, entre Lille et&#8230; Lille ! Il a endoss\u00e9 le premier maillot jaune de l&rsquo;\u00e9dition 2025, devant des centaines de milliers de personnes venues voir la course avec pr\u00e8s de 10 kilom\u00e8tres dans les rues de Lille.<\/p>\n<ul>\n<li style=\"background-image: url(\" data-galerie-slide=\"\">\n\t\t\t\t\t\t\t\t\t\t\tTour de France 2025 : premi\u00e8re \u00e9tape \u00e0 Lille. Photo Ville de Lille<\/p>\n<\/li>\n<li style=\"background-image: url(\" data-galerie-slide=\"\">\n\t\t\t\t\t\t\t\t\t\t\tTour de France 2025 : premi\u00e8re \u00e9tape \u00e0 Lille. Photo Ville de Lille<\/p>\n<\/li>\n<li style=\"background-image: url(\" data-galerie-slide=\"\">\n\t\t\t\t\t\t\t\t\t\t\tTour de France 2025 : premi\u00e8re \u00e9tape \u00e0 Lille. Photo Ville de Lille<\/p>\n<\/li>\n<li style=\"background-image: url(\" data-galerie-slide=\"\">\n\t\t\t\t\t\t\t\t\t\t\tTour de France 2025 : premi\u00e8re \u00e9tape \u00e0 Lille. Photo Ville de Lille<\/p>\n<\/li>\n<li style=\"background-image: url(\" data-galerie-slide=\"\">\n\t\t\t\t\t\t\t\t\t\t\tTour de France 2025 : premi\u00e8re \u00e9tape \u00e0 Lille. La caravane ! Photo Ville de Lille<\/p>\n<\/li>\n<li style=\"background-image: url(\" data-galerie-slide=\"\">\n\t\t\t\t\t\t\t\t\t\t\tTour de France 2025 : premi\u00e8re \u00e9tape \u00e0 Lille. Autographes avant la course. Photo Ville de Lille<\/p>\n<\/li>\n<li style=\"background-image: url(\" data-galerie-slide=\"\">\n\t\t\t\t\t\t\t\t\t\t\tTour de France 2025 : premi\u00e8re \u00e9tape \u00e0 Lille. Autographes avant la course. Photo Ville de Lille<\/p>\n<\/li>\n<li style=\"background-image: url(\" data-galerie-slide=\"\">\n\t\t\t\t\t\t\t\t\t\t\tTour de France 2025 : premi\u00e8re \u00e9tape \u00e0 Lille. Autographes avant la course. Photo Ville de Lille<\/p>\n<\/li>\n<li style=\"background-image: url(\" data-galerie-slide=\"\">\n\t\t\t\t\t\t\t\t\t\t\tTour de France 2025 : premi\u00e8re \u00e9tape \u00e0 Lille. Autographes avant la course. Photo Ville de Lille<\/p>\n<\/li>\n<li style=\"background-image: url(\" data-galerie-slide=\"\">\n\t\t\t\t\t\t\t\t\t\t\tTour de France 2025 : premi\u00e8re \u00e9tape \u00e0 Lille. Autographes avant la course. Photo Ville de Lille<\/p>\n<\/li>\n<li style=\"background-image: url(\" data-galerie-slide=\"\">\n\t\t\t\t\t\t\t\t\t\t\tTour de France 2025 : premi\u00e8re \u00e9tape \u00e0 Lille. Victoire de Jasper Philipsen ! \u00a9 A.S.O \/ Charly Lopez<\/p>\n<\/li>\n<li style=\"background-image: url(\" data-galerie-slide=\"\">\n\t\t\t\t\t\t\t\t\t\t\tTour de France 2025 : premi\u00e8re \u00e9tape \u00e0 Lille. Victoire de Jasper Philipsen ! Photo Ville de Lille<\/p>\n<\/li>\n<li style=\"background-image: url(\" data-galerie-slide=\"\">\n\t\t\t\t\t\t\t\t\t\t\tTour de France 2025 : premi\u00e8re \u00e9tape \u00e0 Lille. Victoire de Jasper Philipsen ! Photo Ville de Lille<\/p>\n<\/li>\n<li style=\"background-image: url(\" data-galerie-slide=\"\">\n\t\t\t\t\t\t\t\t\t\t\tTour de France 2025 : premi\u00e8re \u00e9tape \u00e0 Lille. Victoire de Jasper Philipsen ! Photo Ville de Lille<\/p>\n<\/li>\n<li style=\"background-image: url(\" data-galerie-slide=\"\">\n\t\t\t\t\t\t\t\t\t\t\tTour de France 2025 : premi\u00e8re \u00e9tape \u00e0 Lille. Victoire de Jasper Philipsen ! Photo Ville de Lille<\/p>\n<\/li>\n<\/ul>\n<p>Le Fan Park, place de la R\u00e9publique<\/p>\n<p>Un village est install\u00e9 pour vivre une exp\u00e9rience unique sur le Tour de France, se divertir, profiter de nombreuses animations autour du v\u00e9lo, jusqu\u2019au 5 juillet, place de la R\u00e9publique. L&rsquo;esprit p\u00e9tanque s&rsquo;invitera \u00e9galement : partagez un moment convivial autour d&rsquo;une petite partie !<\/p>\n<p>(Horaires d&rsquo;ouverture : jeudi 3 de 14h \u00e0 20h ; vendredi 4 de 10h \u00e0 19h ; samedi 5 de 10h \u00e0 18h, avec le direct de la course sur \u00e9cran g\u00e9ant).<\/p>\n<ul>\n<li style=\"background-image: url(\" data-galerie-slide=\"\">\n\t\t\t\t\t\t\t\t\t\t\tTour de France 2025 : Fan Park, place de la R\u00e9publique<\/p>\n<\/li>\n<li style=\"background-image: url(\" data-galerie-slide=\"\">\n\t\t\t\t\t\t\t\t\t\t\tTour de France 2025 : Fan Park, place de la R\u00e9publique<\/p>\n<\/li>\n<li style=\"background-image: url(\" data-galerie-slide=\"\">\n\t\t\t\t\t\t\t\t\t\t\tTour de France 2025 : Fan Park, place de la R\u00e9publique<\/p>\n<\/li>\n<li style=\"background-image: url(\" data-galerie-slide=\"\">\n\t\t\t\t\t\t\t\t\t\t\tTour de France 2025 : Fan Park, place de la R\u00e9publique<\/p>\n<\/li>\n<li style=\"background-image: url(\" data-galerie-slide=\"\">\n\t\t\t\t\t\t\t\t\t\t\tTour de France 2025 : Fan Park, place de la R\u00e9publique<\/p>\n<\/li>\n<li style=\"background-image: url(\" data-galerie-slide=\"\">\n\t\t\t\t\t\t\t\t\t\t\tTour de France 2025 : Fan Park, place de la R\u00e9publique<\/p>\n<\/li>\n<li style=\"background-image: url(\" data-galerie-slide=\"\">\n\t\t\t\t\t\t\t\t\t\t\tTour de France 2025 : Fan Park, place de la R\u00e9publique<\/p>\n<\/li>\n<li style=\"background-image: url(\" data-galerie-slide=\"\">\n\t\t\t\t\t\t\t\t\t\t\tTour de France 2025 : Fan Park, place de la R\u00e9publique<\/p>\n<\/li>\n<li style=\"background-image: url(\" data-galerie-slide=\"\">\n\t\t\t\t\t\t\t\t\t\t\tTour de France 2025 : Fan Park, place de la R\u00e9publique<\/p>\n<\/li>\n<li style=\"background-image: url(\" data-galerie-slide=\"\">\n\t\t\t\t\t\t\t\t\t\t\tTour de France 2025 : Fan Park, place de la R\u00e9publique<\/p>\n<\/li>\n<li style=\"background-image: url(\" data-galerie-slide=\"\">\n\t\t\t\t\t\t\t\t\t\t\tTour de France 2025 : Fan Park, place de la R\u00e9publique<\/p>\n<\/li>\n<li style=\"background-image: url(\" data-galerie-slide=\"\">\n\t\t\t\t\t\t\t\t\t\t\tTour de France 2025 : Fan Park, place de la R\u00e9publique<\/p>\n<\/li>\n<li style=\"background-image: url(\" data-galerie-slide=\"\">\n\t\t\t\t\t\t\t\t\t\t\tTour de France 2025 : Fan Park, place de la R\u00e9publique<\/p>\n<\/li>\n<\/ul>\n<p>Parade et pr\u00e9sentation des coureurs !<\/p>\n<p>Le jeudi 4 juillet, en d\u00e9but de soir\u00e9e, les 23 \u00e9quipes engag\u00e9es dans le Tour ont d\u00e9fil\u00e9 dans les rues du centre-ville de Lille, offrant un spectacle unique au public. Les coureurs sont partis depuis les marches de l&rsquo;Op\u00e9ra, place du Th\u00e9\u00e2tre ; puis sont pass\u00e9s par la rue Faidherbe, la place de la Gare Lille Flandres, la rue du Molinel, la rue Pierre Mauroy, pour terminer place du G\u00e9n\u00e9ral de Gaulle (la Grand&rsquo;Place).<\/p>\n<ul>\n<li style=\"background-image: url(\" data-galerie-slide=\"\">\n\t\t\t\t\t\t\t\t\t\t\tTour de France Grand&rsquo;Place pr\u00e9sentation des coureurs <\/p>\n<\/li>\n<li style=\"background-image: url(\" data-galerie-slide=\"\">\n\t\t\t\t\t\t\t\t\t\t\tTour de France Grand&rsquo;Place pr\u00e9sentation des coureurs <\/p>\n<\/li>\n<li style=\"background-image: url(\" data-galerie-slide=\"\">\n\t\t\t\t\t\t\t\t\t\t\tTour de France Grand&rsquo;Place pr\u00e9sentation des coureurs <\/p>\n<\/li>\n<li style=\"background-image: url(\" data-galerie-slide=\"\">\n\t\t\t\t\t\t\t\t\t\t\tTour de France Grand&rsquo;Place pr\u00e9sentation des coureurs <\/p>\n<\/li>\n<li style=\"background-image: url(\" data-galerie-slide=\"\">\n\t\t\t\t\t\t\t\t\t\t\tTour de France Grand&rsquo;Place pr\u00e9sentation des coureurs <\/p>\n<\/li>\n<li style=\"background-image: url(\" data-galerie-slide=\"\">\n\t\t\t\t\t\t\t\t\t\t\tTour de France Grand&rsquo;Place pr\u00e9sentation des coureurs <\/p>\n<\/li>\n<li style=\"background-image: url(\" data-galerie-slide=\"\">\n\t\t\t\t\t\t\t\t\t\t\tTour de France Grand&rsquo;Place pr\u00e9sentation des coureurs <\/p>\n<\/li>\n<li style=\"background-image: url(\" data-galerie-slide=\"\">\n\t\t\t\t\t\t\t\t\t\t\tTour de France Grand&rsquo;Place pr\u00e9sentation des coureurs <\/p>\n<\/li>\n<li style=\"background-image: url(\" data-galerie-slide=\"\">\n\t\t\t\t\t\t\t\t\t\t\tTour de France Grand&rsquo;Place pr\u00e9sentation des coureurs <\/p>\n<\/li>\n<li style=\"background-image: url(\" data-galerie-slide=\"\">\n\t\t\t\t\t\t\t\t\t\t\tTour de France Grand&rsquo;Place pr\u00e9sentation des coureurs : Tadej Pogacar, tenant du titre !<\/p>\n<\/li>\n<li style=\"background-image: url(\" data-galerie-slide=\"\">\n\t\t\t\t\t\t\t\t\t\t\tTour de France Grand&rsquo;Place pr\u00e9sentation des coureurs : Tadej Pogacar, tenant du titre !<\/p>\n<\/li>\n<li style=\"background-image: url(\" data-galerie-slide=\"\">\n\t\t\t\t\t\t\t\t\t\t\tTour de France Grand&rsquo;Place pr\u00e9sentation des coureurs <\/p>\n<\/li>\n<li style=\"background-image: url(\" data-galerie-slide=\"\">\n\t\t\t\t\t\t\t\t\t\t\tTour de France Grand&rsquo;Place pr\u00e9sentation des coureurs <\/p>\n<\/li>\n<li style=\"background-image: url(\" data-galerie-slide=\"\">\n\t\t\t\t\t\t\t\t\t\t\tTour de France Grand&rsquo;Place pr\u00e9sentation des coureurs <\/p>\n<\/li>\n<li style=\"background-image: url(\" data-galerie-slide=\"\">\n\t\t\t\t\t\t\t\t\t\t\tTour de France Grand&rsquo;Place pr\u00e9sentation des coureurs : Jonas Vindegaard<\/p>\n<\/li>\n<li style=\"background-image: url(\" data-galerie-slide=\"\">\n\t\t\t\t\t\t\t\t\t\t\tTour de France Grand&rsquo;Place pr\u00e9sentation des coureurs : Remco Evenepoel<\/p>\n<\/li>\n<li style=\"background-image: url(\" data-galerie-slide=\"\">\n\t\t\t\t\t\t\t\t\t\t\tTour de France Grand&rsquo;Place pr\u00e9sentation des coureurs : Jasper Philipsen<\/p>\n<\/li>\n<li style=\"background-image: url(\" data-galerie-slide=\"\">\n\t\t\t\t\t\t\t\t\t\t\tTour de France Grand&rsquo;Place pr\u00e9sentation des coureurs : Julian Alaphilippe<\/p>\n<\/li>\n<li style=\"background-image: url(\" data-galerie-slide=\"\">\n\t\t\t\t\t\t\t\t\t\t\tTour de France Grand&rsquo;Place pr\u00e9sentation des coureurs : Tadej Pogacar dans les rues de Lille<\/p>\n<\/li>\n<li style=\"background-image: url(\" data-galerie-slide=\"\">\n\t\t\t\t\t\t\t\t\t\t\tTour de France Grand&rsquo;Place pr\u00e9sentation des coureurs<\/p>\n<\/li>\n<li style=\"background-image: url(\" data-galerie-slide=\"\">\n\t\t\t\t\t\t\t\t\t\t\tTour de France Grand&rsquo;Place pr\u00e9sentation des coureurs<\/p>\n<\/li>\n<li style=\"background-image: url(\" data-galerie-slide=\"\">\n\t\t\t\t\t\t\t\t\t\t\tTour de France Grand&rsquo;Place pr\u00e9sentation des coureurs (photo souvenir)<\/p>\n<\/li>\n<li style=\"background-image: url(\" data-galerie-slide=\"\">\n\t\t\t\t\t\t\t\t\t\t\tTour de France pr\u00e9sentation des coureurs : rue Faidherbe<\/p>\n<\/li>\n<li style=\"background-image: url(\" data-galerie-slide=\"\">\n\t\t\t\t\t\t\t\t\t\t\tTour de France pr\u00e9sentation des coureurs : \u00e9quipe UAE de Pogacar devant l&rsquo;Op\u00e9ra<\/p>\n<\/li>\n<\/ul>\n<p>&gt; <a href=\"https:\/\/youtube.com\/shorts\/KCedISvUfhY?feature=share\" target=\"_self\" class=\"lien_interne\" rel=\"noopener\">La grande parade en vid\u00e9o !<\/a>Lille aux couleurs du Tour !<\/p>\n<p>Qui dit \u00e9v\u00e9nement de renomm\u00e9e internationale, dit mobilisation g\u00e9n\u00e9rale ! Ainsi, Lille se pare de jaune pour f\u00eater comme il se doit le troisi\u00e8me Grand D\u00e9part du Tour de France cycliste de son histoire. Jugez plut\u00f4t&#8230;<\/p>\n<ul>\n<li style=\"background-image: url(\" data-galerie-slide=\"\">\n\t\t\t\t\t\t\t\t\t\t\tLille aux couleurs du Tour de France 2025 : Op\u00e9ra, place du Th\u00e9\u00e2tre.<\/p>\n<\/li>\n<li style=\"background-image: url(\" data-galerie-slide=\"\">\n\t\t\t\t\t\t\t\t\t\t\tLille aux couleurs du Tour de France 2025 : les grands boulevards.<\/p>\n<\/li>\n<li style=\"background-image: url(\" data-galerie-slide=\"\">\n\t\t\t\t\t\t\t\t\t\t\tLille aux couleurs du Tour de France 2025 : un maillot jaune g\u00e9ant, Grand&rsquo;Place !<\/p>\n<\/li>\n<li style=\"background-image: url(\" data-galerie-slide=\"\">\n\t\t\t\t\t\t\t\t\t\t\tLille aux couleurs du Tour de France 2025 : \u00e0 deux pas de Lille-Flandres.<\/p>\n<\/li>\n<li style=\"background-image: url(\" data-galerie-slide=\"\">\n\t\t\t\t\t\t\t\t\t\t\tLille aux couleurs du Tour de France 2025 : marches de la CCI.<\/p>\n<\/li>\n<\/ul>\n<p>&gt; <a href=\"https:\/\/youtube.com\/shorts\/mKKNKK7K1HI?feature=share\" target=\"_self\" class=\"lien_interne\" rel=\"noopener\">Lille aux couleurs du Tour : notre vid\u00e9o !<\/a>\t<\/p>\n","protected":false},"excerpt":{"rendered":"Voici le best-of de nos photos prises lors du Grand D\u00e9part du Tour de France 2025 de cyclisme&hellip;\n","protected":false},"author":2,"featured_media":229735,"comment_status":"","ping_status":"","sticky":false,"template":"","format":"standard","meta":{"footnotes":""},"categories":[2815],"tags":[1111,11,4763,1777,674,1011,27,811,1307,5415,12,25],"class_list":{"0":"post-229734","1":"post","2":"type-post","3":"status-publish","4":"format-standard","5":"has-post-thumbnail","7":"category-lille","8":"tag-actu","9":"tag-actualites","10":"tag-agenda","11":"tag-eu","12":"tag-europe","13":"tag-fr","14":"tag-france","15":"tag-hauts-de-france","16":"tag-lille","17":"tag-mairie","18":"tag-news","19":"tag-republique-francaise"},"share_on_mastodon":{"url":"https:\/\/pubeurope.com\/@fr\/114804637351791929","error":""},"_links":{"self":[{"href":"https:\/\/www.europesays.com\/fr\/wp-json\/wp\/v2\/posts\/229734","targetHints":{"allow":["GET"]}}],"collection":[{"href":"https:\/\/www.europesays.com\/fr\/wp-json\/wp\/v2\/posts"}],"about":[{"href":"https:\/\/www.europesays.com\/fr\/wp-json\/wp\/v2\/types\/post"}],"author":[{"embeddable":true,"href":"https:\/\/www.europesays.com\/fr\/wp-json\/wp\/v2\/users\/2"}],"replies":[{"embeddable":true,"href":"https:\/\/www.europesays.com\/fr\/wp-json\/wp\/v2\/comments?post=229734"}],"version-history":[{"count":0,"href":"https:\/\/www.europesays.com\/fr\/wp-json\/wp\/v2\/posts\/229734\/revisions"}],"wp:featuredmedia":[{"embeddable":true,"href":"https:\/\/www.europesays.com\/fr\/wp-json\/wp\/v2\/media\/229735"}],"wp:attachment":[{"href":"https:\/\/www.europesays.com\/fr\/wp-json\/wp\/v2\/media?parent=229734"}],"wp:term":[{"taxonomy":"category","embeddable":true,"href":"https:\/\/www.europesays.com\/fr\/wp-json\/wp\/v2\/categories?post=229734"},{"taxonomy":"post_tag","embeddable":true,"href":"https:\/\/www.europesays.com\/fr\/wp-json\/wp\/v2\/tags?post=229734"}],"curies":[{"name":"wp","href":"https:\/\/api.w.org\/{rel}","templated":true}]}}