{"id":229759,"date":"2025-07-06T05:42:11","date_gmt":"2025-07-06T05:42:11","guid":{"rendered":"https:\/\/www.europesays.com\/fr\/229759\/"},"modified":"2025-07-06T05:42:11","modified_gmt":"2025-07-06T05:42:11","slug":"les-autres-francais-du-voyage-a-hambourg","status":"publish","type":"post","link":"https:\/\/www.europesays.com\/fr\/229759\/","title":{"rendered":"Les autres fran\u00e7ais du voyage \u00e0 Hambourg"},"content":{"rendered":"<p>En marge du Deutsches Derby (Gr. I), la course qui fascine les allemands, et dans lequel l\u2019entra\u00eenement fran\u00e7ais sera repr\u00e9sent\u00e9 par <strong>Juwelier<\/strong> (Alessandro Botti) et <strong>The Sheriff<\/strong> (Tim Donworth), plusieurs autre tricolores seront du voyage. Dans le Japan Racing Association Trophy (Gr. III), disput\u00e9 sur 1.600 m\u00e8tres, on retrouvera<strong> Ilda Rosa<\/strong> (Henri-Alex Pantall), qui reste sur deux deuxi\u00e8mes places au niveau listed. Elle sera associ\u00e9e \u00e0 Cristian Demuro. <strong>Hit It<\/strong> (Victoria Head) sera align\u00e9e dans cette m\u00eame course avec Adrie de Vries. Son entourage profite certainement des pluies annonc\u00e9es, elle qui est bien meilleure dans les pistes profondes, d\u2019autant que les opportunit\u00e9s de trouver ce param\u00e8tre en France cette ann\u00e9e sont tr\u00e8s rares\u2026 Un groupe I r\u00e9serv\u00e9 aux pur-sang arabes, dot\u00e9 de 250.000 euros, est aussi \u00e0 l\u2019affiche. Ils seront six dont cinq fran\u00e7ais \u00e0 y participer. On y retrouvera <strong>Hm Alchahine<\/strong> (Elisabeth Bernard) qui reste sur une victoire \u00e0 Rome, les deux pensionnaires de Fran\u00e7ois Rohaut <strong>Al Zeer<\/strong> et <strong>Djafar<\/strong>, mais aussi deux chevaux pour Al Shaqab et Jean de Mieulle, \u00e0 savoir <strong>Al Zwair<\/strong> et <strong>Al Wakrah<\/strong>, vainqueur au plus haut niveau cet hiver dans la Qatar International Cup et qui offrait d\u2019ailleurs un premier groupe I pour l\u2019entit\u00e9 du Cheikh Joaan \u00e0 Jean de Mieulle.<\/p>\n<p>Lire aussi<strong\/><\/p>\n","protected":false},"excerpt":{"rendered":"En marge du Deutsches Derby (Gr. I), la course qui fascine les allemands, et dans lequel l\u2019entra\u00eenement fran\u00e7ais&hellip;\n","protected":false},"author":2,"featured_media":229760,"comment_status":"","ping_status":"","sticky":false,"template":"","format":"standard","meta":{"footnotes":""},"categories":[1587],"tags":[11,672,1804,1805,1803,1777,674,1801,12,1802],"class_list":{"0":"post-229759","1":"post","2":"type-post","3":"status-publish","4":"format-standard","5":"has-post-thumbnail","7":"category-allemagne","8":"tag-actualites","9":"tag-allemagne","10":"tag-bundesrepublik-deutschland","11":"tag-de","12":"tag-deutschland","13":"tag-eu","14":"tag-europe","15":"tag-germany","16":"tag-news","17":"tag-republique-federale-dallemagne"},"share_on_mastodon":{"url":"https:\/\/pubeurope.com\/@fr\/114804696382444611","error":""},"_links":{"self":[{"href":"https:\/\/www.europesays.com\/fr\/wp-json\/wp\/v2\/posts\/229759","targetHints":{"allow":["GET"]}}],"collection":[{"href":"https:\/\/www.europesays.com\/fr\/wp-json\/wp\/v2\/posts"}],"about":[{"href":"https:\/\/www.europesays.com\/fr\/wp-json\/wp\/v2\/types\/post"}],"author":[{"embeddable":true,"href":"https:\/\/www.europesays.com\/fr\/wp-json\/wp\/v2\/users\/2"}],"replies":[{"embeddable":true,"href":"https:\/\/www.europesays.com\/fr\/wp-json\/wp\/v2\/comments?post=229759"}],"version-history":[{"count":0,"href":"https:\/\/www.europesays.com\/fr\/wp-json\/wp\/v2\/posts\/229759\/revisions"}],"wp:featuredmedia":[{"embeddable":true,"href":"https:\/\/www.europesays.com\/fr\/wp-json\/wp\/v2\/media\/229760"}],"wp:attachment":[{"href":"https:\/\/www.europesays.com\/fr\/wp-json\/wp\/v2\/media?parent=229759"}],"wp:term":[{"taxonomy":"category","embeddable":true,"href":"https:\/\/www.europesays.com\/fr\/wp-json\/wp\/v2\/categories?post=229759"},{"taxonomy":"post_tag","embeddable":true,"href":"https:\/\/www.europesays.com\/fr\/wp-json\/wp\/v2\/tags?post=229759"}],"curies":[{"name":"wp","href":"https:\/\/api.w.org\/{rel}","templated":true}]}}