{"id":229773,"date":"2025-07-06T05:52:10","date_gmt":"2025-07-06T05:52:10","guid":{"rendered":"https:\/\/www.europesays.com\/fr\/229773\/"},"modified":"2025-07-06T05:52:10","modified_gmt":"2025-07-06T05:52:10","slug":"wimbledon-ivanisevic-coach-de-tsitsipas-quand-jecoute-les-joueurs-dont-zverev-ils-sont-tous-sous-antidepresseurs-je-ne-sais-pas-pourquoi-ils-se-mettent-autant-de-pression","status":"publish","type":"post","link":"https:\/\/www.europesays.com\/fr\/229773\/","title":{"rendered":"Wimbledon > Ivanisevic, coach de Tsitsipas : \u00ab\u00a0Quand j&rsquo;\u00e9coute les joueurs, dont Zverev, ils sont tous sous antid\u00e9presseurs. Je ne sais pas pourquoi ils se mettent autant de pression\u00a0\u00bb"},"content":{"rendered":"<p>Interrog\u00e9 sur le cas d\u2019Alexander Zverev, qui a <a href=\"https:\/\/www.welovetennis.fr\/wimbledon\/le-terrible-aveu-de-zverev-apres-sa-defaite-contre-rinderknech-je-ne-me-suis-jamais-senti-aussi-vide-je-ne-prends-plus-de-plaisir-a-rien-meme-en-dehors-du-tennis\" data-wpel-link=\"internal\" rel=\"nofollow noopener\" target=\"_blank\">exprim\u00e9 un certain mal\u2010\u00eatre<\/a> suite \u00e0 son \u00e9limi\u00adna\u00adtion d\u00e8s le premier tour de Wimbledon, Goran Ivanisevic, d\u00e9sor\u00admais coach de Stefanos Tsitsipas, a tent\u00e9 d\u2019ex\u00adpli\u00adquer cette forme de d\u00e9pres\u00adsion ressentie par plusieurs joueurs du circuit.\u00a0<\/p>\n<p><strong>\u00ab\u202fQuand j\u2019\u00e9coute les joueurs, ils sont tous sous anti\u00add\u00e9\u00adpres\u00adseurs, Zverev dit qu\u2019il ne va pas bien. Je ne sais pas pour\u00adquoi ils se mettent autant de pres\u00adsion. C\u2019est peut\u2010\u00eatre \u00e0 cause des attentes ext\u00e9\u00adrieures, de ce que la soci\u00e9t\u00e9 attend d\u2019eux \u2013 ils ne peuvent pas g\u00e9rer \u00e7a. Zverev est bon, mais il est inca\u00adpable de gagner un Grand Chelem. Il a eu sa chance en 2020, lors\u00adqu\u2019il servait pour le match contre Thiem (en finale de l\u2019US Open, ndlr). D\u2019abord, il a \u00e9t\u00e9 bloqu\u00e9 par le Big 3 (Federer, Nadal, Djokovic), main\u00adte\u00adnant il y a Sinner et Alcaraz, et il est encore loin du compte. \u00c7a cr\u00e9e de la frus\u00adtra\u00adtion. Il est num\u00e9ro 3, il s\u2019en\u00adtra\u00eene, mais il est encore loin derri\u00e8re\u202f\u00bb<\/strong>, a d\u00e9clar\u00e9 le laur\u00e9at de Wimbledon 2001 dans une inter\u00adview accord\u00e9e \u00e0 nos confr\u00e8res de <a href=\"https:\/\/www.claytenis.com\/portada\/escucho-a-los-tenistas-y-todos-estan-con-antidepresivos-esto-es-un-manicomio-entrevista-con-goran-ivanisevic\/\" data-wpel-link=\"external\" target=\"_blank\" rel=\"nofollow external noopener\">Clay<\/a>.<strong><br \/><\/strong><\/p>\n<p class=\"post-published-date\" style=\"color: silver; font-size: 75%; text-align: left;\">Publi\u00e9 le samedi 5 juillet 2025 \u00e0 20:33<\/p>\n","protected":false},"excerpt":{"rendered":"Interrog\u00e9 sur le cas d\u2019Alexander Zverev, qui a exprim\u00e9 un certain mal\u2010\u00eatre suite \u00e0 son \u00e9limi\u00adna\u00adtion d\u00e8s le&hellip;\n","protected":false},"author":2,"featured_media":223183,"comment_status":"","ping_status":"","sticky":false,"template":"","format":"standard","meta":{"footnotes":""},"categories":[1415],"tags":[1744,105,2199,1011,27,1960,2127,60,1467,3536,5443,4542],"class_list":{"0":"post-229773","1":"post","2":"type-post","3":"status-publish","4":"format-standard","5":"has-post-thumbnail","7":"category-tennis","8":"tag-alcaraz","9":"tag-djokovic","10":"tag-federer","11":"tag-fr","12":"tag-france","13":"tag-nadal","14":"tag-sinner","15":"tag-sports","16":"tag-tennis","17":"tag-thiem","18":"tag-tsitsipas","19":"tag-zverev"},"share_on_mastodon":{"url":"https:\/\/pubeurope.com\/@fr\/114804735544827628","error":""},"_links":{"self":[{"href":"https:\/\/www.europesays.com\/fr\/wp-json\/wp\/v2\/posts\/229773","targetHints":{"allow":["GET"]}}],"collection":[{"href":"https:\/\/www.europesays.com\/fr\/wp-json\/wp\/v2\/posts"}],"about":[{"href":"https:\/\/www.europesays.com\/fr\/wp-json\/wp\/v2\/types\/post"}],"author":[{"embeddable":true,"href":"https:\/\/www.europesays.com\/fr\/wp-json\/wp\/v2\/users\/2"}],"replies":[{"embeddable":true,"href":"https:\/\/www.europesays.com\/fr\/wp-json\/wp\/v2\/comments?post=229773"}],"version-history":[{"count":0,"href":"https:\/\/www.europesays.com\/fr\/wp-json\/wp\/v2\/posts\/229773\/revisions"}],"wp:featuredmedia":[{"embeddable":true,"href":"https:\/\/www.europesays.com\/fr\/wp-json\/wp\/v2\/media\/223183"}],"wp:attachment":[{"href":"https:\/\/www.europesays.com\/fr\/wp-json\/wp\/v2\/media?parent=229773"}],"wp:term":[{"taxonomy":"category","embeddable":true,"href":"https:\/\/www.europesays.com\/fr\/wp-json\/wp\/v2\/categories?post=229773"},{"taxonomy":"post_tag","embeddable":true,"href":"https:\/\/www.europesays.com\/fr\/wp-json\/wp\/v2\/tags?post=229773"}],"curies":[{"name":"wp","href":"https:\/\/api.w.org\/{rel}","templated":true}]}}