{"id":229777,"date":"2025-07-06T05:56:11","date_gmt":"2025-07-06T05:56:11","guid":{"rendered":"https:\/\/www.europesays.com\/fr\/229777\/"},"modified":"2025-07-06T05:56:11","modified_gmt":"2025-07-06T05:56:11","slug":"tdf-tour-de-france-marc-madiot-on-nous-donne-souvent-des-lecons-mais","status":"publish","type":"post","link":"https:\/\/www.europesays.com\/fr\/229777\/","title":{"rendered":"TDF. Tour de France &#8211; Marc Madiot : \u00abOn nous donne souvent des le\u00e7ons, mais&#8230;\u00bb"},"content":{"rendered":"<p>Comme ce qui \u00e9tait attendu, ce fut une premi\u00e8re \u00e9tape de <strong>Tour de France <\/strong>extr\u00eamement agit\u00e9e ! Avec <strong>Cl\u00e9ment Russo <\/strong>et <strong><a href=\"https:\/\/www.cyclismactu.net\/..\/news-tour-de-france-route-paul-penhoet-pour-martin-guyonnet-et-gregoire-ca-fait-chi-88724.html\" target=\"_blank\" rel=\"nofollow noopener\">Paul Penhoet<\/a> <\/strong>qui ont pu disputer le sprint au vainqueur du jour, <strong><a href=\"https:\/\/www.cyclismactu.net\/..\/news-tour-de-france-route-jasper-philipsen-s-offre-1ere-etape-remco-evenepoel-piege-88716.html\" target=\"_blank\" rel=\"nofollow noopener\">Jasper Philipsen<\/a><\/strong>, la <strong>Groupama-FDJ <\/strong>de <strong>Marc Madiot\u00a0<\/strong>a r\u00e9alis\u00e9 une plut\u00f4t belle journ\u00e9e en \u00e9tant pass\u00e9 \u00e9galement \u00e0 travers les chutes. Avec son franc-parler habituel, le patron de l&rsquo;\u00e9quipe fran\u00e7aise a \u00e9galement affirm\u00e9 pr\u00e9f\u00e9rer les grands d\u00e9parts en France plut\u00f4t qu&rsquo;\u00e0 l&rsquo;\u00e9tranger, ce qui \u00e9tait la tendance ces derni\u00e8res ann\u00e9es.<\/p>\n<p>Vid\u00e9o &#8211; Marc Madiot au micro de Cyclism&rsquo;actu apr\u00e8s la 1ere \u00e9tape Lire la suite de l&rsquo;article&#13;<\/p>\n<p>\u00a0<\/p>\n<p>&#13;<br \/>\n\u00ab\u00a0Les d\u00e9parts, c&rsquo;est mieux en France\u00a0\u00bb&#13;<\/p>\n<p>Avec deux hommes dans le top 10 de l&rsquo;\u00e9tape et <strong>Guillaume Martin <\/strong>qui termine dans le peloton principal, la journ\u00e9e est plut\u00f4t satisfaisante pour l&rsquo;\u00e9quipe de <strong>Marc Madiot<\/strong>\u00a0:\u00a0\u00ab\u00a0Les gars ont \u00e9t\u00e9 vigilants, on en avait 3 dans le premier groupe, et puis juste derri\u00e8re Guillaume Martin avec Valentin Madouas, on aurait m\u00eame pu avoir Lewis Askey s&rsquo;il avait pas eu un souci de d\u00e9railleur donc on a fait une bonne journ\u00e9e. Travail correct. Tout le monde le savait qu&rsquo;il y allait avoir des bordures, il suffisait de se balader en voiture devant pour le savoir&#8230; La journ\u00e9e \u00e9tait quand m\u00eame particuli\u00e8re, c&rsquo;est des journ\u00e9es \u00e0 stress, t&rsquo;es les mains sur les freins toute la journ\u00e9e, le vent&#8230; Etape extr\u00eamement compliqu\u00e9e&#8230; On nous donne des le\u00e7ons souvent en disant que l&rsquo;\u00e9tranger c&rsquo;est mieux pour les d\u00e9parts, mais non, c&rsquo;est mieux en France. T&rsquo;as vu le public qu&rsquo;il y avait ? Une patte au-dessus !\u00a0\u00bb<\/p>\n<p>&#13;<\/p>\n<p>Le patron de l&rsquo;\u00e9quipe fran\u00e7aise a \u00e9galement donn\u00e9 son avis sur cette premi\u00e8re \u00e9tape, toujours nerveuse et tendue au sein du peloton, surtout avec <strong>Tadej Pogacar <\/strong>(UAE Team Emirates) et <strong>Jonas Vingegaard <\/strong>(Team Visma | Lease a Bike) au d\u00e9part :\u00a0\u00ab\u00a0Premi\u00e8re journ\u00e9e du Tour qui est d\u00e9j\u00e0, m\u00eame si le parcours est souvent adapt\u00e9, une journ\u00e9e compliqu\u00e9e, donc quand on a un parcours difficile comme aujourd&rsquo;hui tr\u00e8s technique, c&rsquo;est forc\u00e9ment source de tensions, il y a des abandons, et on voit bien que le peloton est tr\u00e8s tr\u00e8s nerveux, personne veut perdre de positions. M\u00eame en \u00e9tant attentif, il y a m\u00eame des gros qui se font pi\u00e9ger donc on voit bien que c&rsquo;est compliqu\u00e9. C&rsquo;est normal, Jonas Vingegaard et Tadej Pogacar cherchent \u00e0 rentrer dans la t\u00eate du voisin. Ca va \u00eatre comme \u00e7a pendant plusieurs jours, ils vont essayer de se tester, s&rsquo;\u00e9valuer et essayer de rentrer dans le cerveau du voisin, c&rsquo;est le but du jeu.\u00a0\u00bb<\/p>\n<p>Tour de France &#8211; Classement de la 1\u00e8 \u00e9tape Tour de France &#8211; Classement g\u00e9n\u00e9ral provisoire apr\u00e8s la 1\u00e8 \u00e9tape<\/p>\n","protected":false},"excerpt":{"rendered":"Comme ce qui \u00e9tait attendu, ce fut une premi\u00e8re \u00e9tape de Tour de France extr\u00eamement agit\u00e9e ! Avec&hellip;\n","protected":false},"author":2,"featured_media":229778,"comment_status":"","ping_status":"","sticky":false,"template":"","format":"standard","meta":{"footnotes":""},"categories":[1411],"tags":[1154,207,211,1011,27,209,60,210,212,208,213],"class_list":{"0":"post-229777","1":"post","2":"type-post","3":"status-publish","4":"format-standard","5":"has-post-thumbnail","7":"category-cyclisme","8":"tag-cycling","9":"tag-cyclisme","10":"tag-ffc","11":"tag-fr","12":"tag-france","13":"tag-route","14":"tag-sports","15":"tag-tour-de-france","16":"tag-uci","17":"tag-velo","18":"tag-world-tour"},"share_on_mastodon":{"url":"https:\/\/pubeurope.com\/@fr\/114804751314516983","error":""},"_links":{"self":[{"href":"https:\/\/www.europesays.com\/fr\/wp-json\/wp\/v2\/posts\/229777","targetHints":{"allow":["GET"]}}],"collection":[{"href":"https:\/\/www.europesays.com\/fr\/wp-json\/wp\/v2\/posts"}],"about":[{"href":"https:\/\/www.europesays.com\/fr\/wp-json\/wp\/v2\/types\/post"}],"author":[{"embeddable":true,"href":"https:\/\/www.europesays.com\/fr\/wp-json\/wp\/v2\/users\/2"}],"replies":[{"embeddable":true,"href":"https:\/\/www.europesays.com\/fr\/wp-json\/wp\/v2\/comments?post=229777"}],"version-history":[{"count":0,"href":"https:\/\/www.europesays.com\/fr\/wp-json\/wp\/v2\/posts\/229777\/revisions"}],"wp:featuredmedia":[{"embeddable":true,"href":"https:\/\/www.europesays.com\/fr\/wp-json\/wp\/v2\/media\/229778"}],"wp:attachment":[{"href":"https:\/\/www.europesays.com\/fr\/wp-json\/wp\/v2\/media?parent=229777"}],"wp:term":[{"taxonomy":"category","embeddable":true,"href":"https:\/\/www.europesays.com\/fr\/wp-json\/wp\/v2\/categories?post=229777"},{"taxonomy":"post_tag","embeddable":true,"href":"https:\/\/www.europesays.com\/fr\/wp-json\/wp\/v2\/tags?post=229777"}],"curies":[{"name":"wp","href":"https:\/\/api.w.org\/{rel}","templated":true}]}}