{"id":229781,"date":"2025-07-06T05:58:11","date_gmt":"2025-07-06T05:58:11","guid":{"rendered":"https:\/\/www.europesays.com\/fr\/229781\/"},"modified":"2025-07-06T05:58:11","modified_gmt":"2025-07-06T05:58:11","slug":"votre-confiance-je-ne-loublierai-jamais-sequence-emotion-pour-olivier-minne-a-fort-boyard","status":"publish","type":"post","link":"https:\/\/www.europesays.com\/fr\/229781\/","title":{"rendered":"\u00ab\u00a0Votre confiance, je ne l\u2019oublierai jamais\u00a0\u00bb\u00a0: s\u00e9quence \u00e9motion pour Olivier Minne \u00e0 \u00ab\u00a0Fort Boyard\u00a0\u00bb"},"content":{"rendered":"<p class=\"paragraph text_align_left lp-f-body-02\">Une nouvelle saison de Fort Boyard pas tout \u00e0 fait comme les autres. Cette <a href=\"https:\/\/www.leparisien.fr\/culture-loisirs\/tv\/fort-boyard-pour-la-derniere-saison-dolivier-minne-cellules-et-personnages-cultes-sont-de-retour-05-07-2025-BKQBTBTHDNDVHKMYBWZCY5SCQY.php\" target=\"_self\" rel=\"nofollow noopener\">36e \u00e9dition<\/a> qui a commenc\u00e9 ce soir sur la 2 est la derni\u00e8re d\u2019Olivier Minne, ma\u00eetre des lieux depuis 23 ans ! Fin ao\u00fbt, l\u2019animateur de 58 ans quittera France 2 pour <a href=\"https:\/\/www.leparisien.fr\/culture-loisirs\/6play\/\" target=\"_blank\" rel=\"noreferrer nofollow noopener\">M 6<\/a>, o\u00f9 il pr\u00e9sentera notamment une nouvelle version hebdomadaire <a href=\"https:\/\/www.leparisien.fr\/culture-loisirs\/tv\/hanouna-lapix-la-rentree-la-plus-ambitieuse-de-lhistoire-du-groupe-m-6-promet-son-patron-david-larramendy-23-06-2025-UM2PMOT2YFH3RCU64AR62JSTYE.php\" target=\"_blank\" rel=\"noreferrer nofollow noopener\">du \u00ab Maillon faible \u00bb.<\/a><\/p>\n<p class=\"paragraph text_align_left lp-f-body-02\">\u00ab Je suis tr\u00e8s heureux de vous retrouver pour cette 36e saison d\u2019autant qu\u2019elle a un go\u00fbt particulier pour moi puisque c\u2019est ma derni\u00e8re saison, a d\u00e9clar\u00e9 l\u2019animateur ce samedi soir en d\u00e9but d\u2019\u00e9mission. Je vais avoir la chance et la fiert\u00e9 <a href=\"https:\/\/www.leparisien.fr\/culture-loisirs\/tv\/olivier-minne-en-partance-pour-m-6-les-coulisses-dun-coup-de-tonnerre-03-05-2025-4MJOCZBEZNDWPCX7GBJKRGRQIU.php\" target=\"_blank\" rel=\"noreferrer nofollow noopener\">de vous accompagner une ultime fois<\/a> dans cette grande aventure qu\u2019est Fort Boyard et mais je voulais d\u2019ores et d\u00e9j\u00e0 vous remercier pour votre confiance, vous m\u2019avez accueilli durant toutes ces ann\u00e9es et \u00e7a, je ne l\u2019oublierai jamais ! \u00bb<\/p>\n<p class=\"paragraph text_align_left lp-f-body-02\">Clin d\u2019\u0153il \u00e0 ces vingt-trois \u00e9t\u00e9s pass\u00e9s dans le b\u00e2timent napol\u00e9onien aux larges de l\u2019\u00eele d\u2019Ol\u00e9ron et de La Rochelle (Charente-Maritime), les t\u00e9l\u00e9spectateurs ont pu d\u00e9couvrir les premi\u00e8res images d\u2019Olivier Minne \u00e0 35 ans, pr\u00e9sentant son premier Fort Boyard en 2003. Cheveux bruns, petit blouson de cuir, m\u00eame sourire. Puis le voil\u00e0 au m\u00eame endroit en 2006 puis en 2007, 2009, 2010, 2016 et 2019. Les fans ne manqueront pas de remarquer que l\u2019animateur s\u2019est bien muscl\u00e9 ces derni\u00e8res ann\u00e9es !<\/p>\n<p class=\"paragraph text_align_left lp-f-body-02\">Pour les vrais adieux, il faudra attendre la fin de l\u2019\u00e9t\u00e9. Que les fans se rassurent, la semaine prochaine, Olivier Minne sera bien l\u00e0. \u00ab On se retrouve tr\u00e8s vite pour de nouvelles aventures, toujours plus loin, plus haut, toujours plus fort \u00bb, leur a-t-il lanc\u00e9 en fin d\u2019\u00e9mission.<\/p>\n<p class=\"paragraph text_align_left lp-f-body-02\">D\u00e9but mai, l\u2019animateur embl\u00e9matique de Fort Boyard avait cr\u00e9\u00e9 une \u00e9norme surprise en annon\u00e7ant <a href=\"https:\/\/www.leparisien.fr\/culture-loisirs\/tv\/le-maillon-faible-pandore-olivier-minne-aux-commandes-de-trois-emissions-pour-son-arrivee-sur-m-6-23-06-2025-NKFPY4W3LNAS3CQFGS6ZJ24NQY.php\" target=\"_blank\" rel=\"noreferrer nofollow noopener\">qu\u2019il quittait la 2 pour la 6.<\/a> Tr\u00e8s connu des t\u00e9l\u00e9spectateurs, il en avait visiblement assez de jouer les seconds r\u00f4les au sein de <a href=\"https:\/\/www.leparisien.fr\/culture-loisirs\/france-tv\/\" target=\"_blank\" rel=\"noreferrer nofollow noopener\">France T\u00e9l\u00e9visions<\/a>.<\/p>\n","protected":false},"excerpt":{"rendered":"Une nouvelle saison de Fort Boyard pas tout \u00e0 fait comme les autres. Cette 36e \u00e9dition qui a&hellip;\n","protected":false},"author":2,"featured_media":229782,"comment_status":"","ping_status":"","sticky":false,"template":"","format":"standard","meta":{"footnotes":""},"categories":[1359],"tags":[872,58,59,1011,27,973,2205],"class_list":{"0":"post-229781","1":"post","2":"type-post","3":"status-publish","4":"format-standard","5":"has-post-thumbnail","7":"category-people","8":"tag-culture-et-loisirs","9":"tag-divertissement","10":"tag-entertainment","11":"tag-fr","12":"tag-france","13":"tag-people","14":"tag-television-medias"},"share_on_mastodon":{"url":"https:\/\/pubeurope.com\/@fr\/114804759122607829","error":""},"_links":{"self":[{"href":"https:\/\/www.europesays.com\/fr\/wp-json\/wp\/v2\/posts\/229781","targetHints":{"allow":["GET"]}}],"collection":[{"href":"https:\/\/www.europesays.com\/fr\/wp-json\/wp\/v2\/posts"}],"about":[{"href":"https:\/\/www.europesays.com\/fr\/wp-json\/wp\/v2\/types\/post"}],"author":[{"embeddable":true,"href":"https:\/\/www.europesays.com\/fr\/wp-json\/wp\/v2\/users\/2"}],"replies":[{"embeddable":true,"href":"https:\/\/www.europesays.com\/fr\/wp-json\/wp\/v2\/comments?post=229781"}],"version-history":[{"count":0,"href":"https:\/\/www.europesays.com\/fr\/wp-json\/wp\/v2\/posts\/229781\/revisions"}],"wp:featuredmedia":[{"embeddable":true,"href":"https:\/\/www.europesays.com\/fr\/wp-json\/wp\/v2\/media\/229782"}],"wp:attachment":[{"href":"https:\/\/www.europesays.com\/fr\/wp-json\/wp\/v2\/media?parent=229781"}],"wp:term":[{"taxonomy":"category","embeddable":true,"href":"https:\/\/www.europesays.com\/fr\/wp-json\/wp\/v2\/categories?post=229781"},{"taxonomy":"post_tag","embeddable":true,"href":"https:\/\/www.europesays.com\/fr\/wp-json\/wp\/v2\/tags?post=229781"}],"curies":[{"name":"wp","href":"https:\/\/api.w.org\/{rel}","templated":true}]}}