{"id":229807,"date":"2025-07-06T06:15:27","date_gmt":"2025-07-06T06:15:27","guid":{"rendered":"https:\/\/www.europesays.com\/fr\/229807\/"},"modified":"2025-07-06T06:15:27","modified_gmt":"2025-07-06T06:15:27","slug":"epinal-lycee-notre-dame-saint-joseph-bac-2025-mention-tres-bien-arthur-boiteux-17-ans-bac-general","status":"publish","type":"post","link":"https:\/\/www.europesays.com\/fr\/229807\/","title":{"rendered":"\u00c9pinal, lyc\u00e9e Notre-Dame Saint-Joseph | Bac 2025 Mention Tr\u00e8s Bien. Arthur Boiteux, 17 ans, bac g\u00e9n\u00e9ral"},"content":{"rendered":"<p>Arthur Boiteux, 17 ans, demeurant \u00e0 Portieux, a d\u00e9croch\u00e9 son bac g\u00e9n\u00e9ral avec mention tr\u00e8s bien au lyc\u00e9e Notre-Dame Saint-Joseph \u00e0 \u00c9pinal. Passionn\u00e9 par le sport, il pratique le v\u00e9lo, la course \u00e0 pied et la randonn\u00e9e. Les sciences de la vie et de la Terre (SVT) sont sa mati\u00e8re pr\u00e9f\u00e9r\u00e9e, dans laquelle il a obtenu la note de 20, tout comme au Grand oral. Cet \u00e9t\u00e9, il pr\u00e9voit de partir en vacances en famille, puis de faire une randonn\u00e9e autour du mont Blanc avec des amis. Arthur s&rsquo;appr\u00eate \u00e0 int\u00e9grer la licence activit\u00e9s sportives \u00e0 Nancy, avec pour objectif de devenir kin\u00e9sith\u00e9rapeute.<\/p>\n<p>\u270e R\u00e9dig\u00e9 avec l&rsquo;aide d&rsquo;outils IA et v\u00e9rifi\u00e9 par un journaliste \ud83d\udec8 En savoir plus avec la charte IA d&rsquo;Ebra.<\/p>\n","protected":false},"excerpt":{"rendered":"Arthur Boiteux, 17 ans, demeurant \u00e0 Portieux, a d\u00e9croch\u00e9 son bac g\u00e9n\u00e9ral avec mention tr\u00e8s bien au lyc\u00e9e&hellip;\n","protected":false},"author":2,"featured_media":229808,"comment_status":"","ping_status":"","sticky":false,"template":"","format":"standard","meta":{"footnotes":""},"categories":[9635],"tags":[1111,11,36609,1704,1057,1777,674,10961,1011,27,775,1702,1703,12,25],"class_list":{"0":"post-229807","1":"post","2":"type-post","3":"status-publish","4":"format-standard","5":"has-post-thumbnail","7":"category-nancy","8":"tag-actu","9":"tag-actualites","10":"tag-baccalaureat-mention-tres-bien","11":"tag-edition-nancy-et-agglomeration","12":"tag-education","13":"tag-eu","14":"tag-europe","15":"tag-examen-diplome","16":"tag-fr","17":"tag-france","18":"tag-grand-est","19":"tag-nancy","20":"tag-nancy-ville-54b","21":"tag-news","22":"tag-republique-francaise"},"share_on_mastodon":{"url":"https:\/\/pubeurope.com\/@fr\/114804825976805539","error":""},"_links":{"self":[{"href":"https:\/\/www.europesays.com\/fr\/wp-json\/wp\/v2\/posts\/229807","targetHints":{"allow":["GET"]}}],"collection":[{"href":"https:\/\/www.europesays.com\/fr\/wp-json\/wp\/v2\/posts"}],"about":[{"href":"https:\/\/www.europesays.com\/fr\/wp-json\/wp\/v2\/types\/post"}],"author":[{"embeddable":true,"href":"https:\/\/www.europesays.com\/fr\/wp-json\/wp\/v2\/users\/2"}],"replies":[{"embeddable":true,"href":"https:\/\/www.europesays.com\/fr\/wp-json\/wp\/v2\/comments?post=229807"}],"version-history":[{"count":0,"href":"https:\/\/www.europesays.com\/fr\/wp-json\/wp\/v2\/posts\/229807\/revisions"}],"wp:featuredmedia":[{"embeddable":true,"href":"https:\/\/www.europesays.com\/fr\/wp-json\/wp\/v2\/media\/229808"}],"wp:attachment":[{"href":"https:\/\/www.europesays.com\/fr\/wp-json\/wp\/v2\/media?parent=229807"}],"wp:term":[{"taxonomy":"category","embeddable":true,"href":"https:\/\/www.europesays.com\/fr\/wp-json\/wp\/v2\/categories?post=229807"},{"taxonomy":"post_tag","embeddable":true,"href":"https:\/\/www.europesays.com\/fr\/wp-json\/wp\/v2\/tags?post=229807"}],"curies":[{"name":"wp","href":"https:\/\/api.w.org\/{rel}","templated":true}]}}