{"id":229821,"date":"2025-07-06T06:27:29","date_gmt":"2025-07-06T06:27:29","guid":{"rendered":"https:\/\/www.europesays.com\/fr\/229821\/"},"modified":"2025-07-06T06:27:29","modified_gmt":"2025-07-06T06:27:29","slug":"a-strasbourg-danciens-detenus-denoncent-une-prison-ou-lon-meurt","status":"publish","type":"post","link":"https:\/\/www.europesays.com\/fr\/229821\/","title":{"rendered":"A Strasbourg, d&rsquo;anciens d\u00e9tenus d\u00e9noncent une prison o\u00f9 l&rsquo;on meurt"},"content":{"rendered":"<p class=\"wp-block-post-excerpt__excerpt\">Une cinquantaine de personnes ont manifest\u00e9 devant la maison d\u2019arr\u00eat de Strasbourg samedi 5 juillet. Parmi elles, plusieurs anciens d\u00e9tenus d\u00e9crivent une prison insalubre o\u00f9 les morts se succ\u00e8dent. <\/p>\n<p class=\"font-sans\">\n\t\t\tCet article est en acc\u00e8s libre. Pour soutenir Rue89 Strasbourg,<br \/>\n\t\t\t<a class=\"underline\" href=\"https:\/\/www.rue89strasbourg.com\/abonnement\" target=\"_blank\" rel=\"noopener\">abonnez-vous<\/a>.\n\t\t<\/p>\n<p>Guillaume Krempp<\/p>\n<p>Publi\u00e9 le 6 juillet 2025\u00a0\u00a0\u00b7\u00a0\u00a0<\/p>\n<p>Imprim\u00e9 le 6 juillet 2025 \u00e0 08h04\u00a0\u00a0\u00b7\u00a0\u00a0<\/p>\n<p>\t\t\t\t\t5\u00a0minutes\n<\/p>\n<p class=\"has-drop-cap\">\u00ab\u00a0Solidarit\u00e9, avec les prisonniers !\u00a0\u00bb Une cinquantaine de personnes ont donn\u00e9 de la voix samedi 5 juillet en d\u00e9but d\u2019apr\u00e8s-midi. Emp\u00each\u00e9s d\u2019approcher l\u2019entr\u00e9e de la maison d\u2019arr\u00eat de Strasbourg, manifestants et manifestantes ont fini par crier pour tenter de se faire entendre des d\u00e9tenus \u00e0 une centaine de m\u00e8tres. Le rassemblement a eu lieu \u00e0 l\u2019appel de plusieurs prisonniers strasbourgeois suite <a href=\"https:\/\/www.rue89strasbourg.com\/strasbourg-mort-detenu-aveugle-seul-cellule-colere-prison-349067\" target=\"_blank\" rel=\"noreferrer noopener\">au d\u00e9c\u00e8s de Serge Meckes dans sa cellule<\/a>. Plusieurs membres d\u2019organisations de gauche ont r\u00e9pondu pr\u00e9sents, comme la CNT, les syndicats Solidaires Alsace et FSE ou encore l\u2019Action antifasciste. Le d\u00e9put\u00e9 insoumis Emmanuel Fernandes \u00e9tait aussi venu grossir les maigres rangs de la manifestation.<\/p>\n<blockquote class=\"wp-block-pullquote\" id=\"quote-212542\">\n<p>\u00ab\u00a0Tout ce que j\u2019attends maintenant, c\u2019est la v\u00e9rit\u00e9 sur les circonstances de la mort de Serge.\u00a0\u00bb<\/p>\n<p>Lucien, neveu de Serge Meckes<\/p><\/blockquote>\n<p>Neveu du d\u00e9funt, Lucien Meckes a tenu \u00e0 rendre hommage \u00e0 Serge Meckes. Il est aussi venu exprimer son incompr\u00e9hension :<\/p>\n<blockquote class=\"wp-block-quote is-layout-flow wp-block-quote-is-layout-flow\">\n<p>\u00ab\u00a0Tout ce que j\u2019attends, c\u2019est la v\u00e9rit\u00e9 sur les circonstances de sa mort. Pourquoi est-ce qu\u2019on a laiss\u00e9 un aveugle seul en cellule\u00a0? Combien de temps les surveillants ont mis pour intervenir apr\u00e8s le d\u00e9but de l\u2019incendie\u00a0? J\u2019ai lu avant d\u2019arriver qu\u2019il y a <a href=\"https:\/\/books.openedition.org\/cdf\/13731?lang=fr\" target=\"_blank\" rel=\"noreferrer noopener\">des centaines de morts chaque ann\u00e9e<\/a> dans les prisons fran\u00e7aises. Pour moi, ce qui est arriv\u00e9 \u00e0 Serge aurait pu \u00eatre \u00e9vit\u00e9. J\u2019ai l\u2019impression qu\u2019\u00e0 cause du manque de personnel, les prisons sont mal g\u00e9r\u00e9es.\u00a0\u00bb<\/p>\n<\/blockquote>\n<p><a href=\"https:\/\/www.rue89strasbourg.com\/la-newsletter\" target=\"_blank\" rel=\"noopener\"><img loading=\"lazy\" decoding=\"async\" width=\"970\" height=\"250\" src=\"https:\/\/www.europesays.com\/fr\/wp-content\/uploads\/2025\/06\/bannie\u0300re-autopromo-2025-desktop-1.gif\" alt=\"\" class=\"wp-image-347550\" style=\"width:792px;height:auto\"\/><\/a><\/p>\n<p><a href=\"https:\/\/www.rue89strasbourg.com\/la-newsletter\" target=\"_blank\" rel=\"noopener\"><img loading=\"lazy\" decoding=\"async\" width=\"300\" height=\"300\" src=\"https:\/\/www.europesays.com\/fr\/wp-content\/uploads\/2025\/06\/bannie\u0300res-autopromo-300x300-2.gif\" alt=\"\" class=\"wp-image-347551\"\/><\/a><\/p>\n<p>Des morts en s\u00e9rie <\/p>\n<p>Aux c\u00f4t\u00e9s de Lucien, Mehdi se tient aussi sur ce bout de trottoir en solidarit\u00e9 avec la famille Meckes. Devant la prison qu\u2019il a connue entre 2005 et 2006, il se souvient des d\u00e9c\u00e8s qui ont eu lieu pendant sa d\u00e9tention \u00e0 Strasbourg : <\/p>\n<blockquote class=\"wp-block-quote is-layout-flow wp-block-quote-is-layout-flow\">\n<p>\u00ab\u00a0Quand j\u2019\u00e9tais \u00e0 l\u2019Elsau, il y a eu trois morts. Deux s\u2019\u00e9taient pendus. Et pour le troisi\u00e8me, c\u2019\u00e9tait d\u00e9j\u00e0 un d\u00e9c\u00e8s dans l\u2019incendie d\u2019une cellule. Alors 20 ans plus tard je me demande\u00a0: comment est-ce possible qu\u2019on n\u2019arrive pas \u00e0 ouvrir assez vite une cellule en feu dans une prison\u00a0? Il n\u2019y a pas de surveillants qui font des rondes\u00a0? Il n\u2019y a pas de d\u00e9tenus qui crient et tapent sur la porte pour alerter\u00a0?\u00a0\u00bb<\/p>\n<\/blockquote>\n<p>\t\tAppel au contr\u00f4leur g\u00e9n\u00e9ral des prisons<\/p>\n<p>Apr\u00e8s avoir gar\u00e9 sa voiture devant la prison, Tourpal (le pr\u00e9nom a \u00e9t\u00e9 modifi\u00e9) place un carton qu\u2019il a peint aux couleurs du drapeau fran\u00e7ais. Ancien d\u00e9tenu \u00e0 la maison d\u2019arr\u00eat de Strasbourg, il a inscrit au marqueur noir les revendications de ses anciens camarades de d\u00e9tention (\u00e0 retrouver au bas de cet article). Et des questions qui naissent de la mort de Serge Meckes :<\/p>\n<blockquote class=\"wp-block-quote is-layout-flow wp-block-quote-is-layout-flow\">\n<p>\u00ab\u00a0Il y a quelques jours, un mort, br\u00fbl\u00e9 dans sa cellule \u00e0 Strasbourg. Un prisonnier reste un \u00eatre humain, m\u00eame s\u2019il purge sa peine. O\u00f9 sont les droits de l\u2019Homme\u00a0? O\u00f9 est le contr\u00f4le g\u00e9n\u00e9ral des lieux de privation de libert\u00e9\u00a0?\u00a0\u00bb<\/p>\n<\/blockquote>\n<p><img loading=\"lazy\" decoding=\"async\" width=\"792\" height=\"529\" src=\"https:\/\/www.europesays.com\/fr\/wp-content\/uploads\/2025\/07\/54634941129-0db084bb27-k-792x529.jpg\" alt=\"\" class=\"wp-image-349937\"  \/> Les revendications n\u2019ont pas manqu\u00e9 d\u2019en appeler aux valeurs de la R\u00e9publique fran\u00e7aise. <\/p>\n<p>Une prison insalubre<\/p>\n<p>Samir, 21 ans, n\u2019a pas connu la d\u00e9tention. Il s\u2019est rendu \u00e0 la manifestation car il conna\u00eet la r\u00e9alit\u00e9 de la prison strasbourgeoise \u00e0 travers les t\u00e9moignages d\u2019amis incarc\u00e9r\u00e9s\u00a0: \u00ab\u00a0Ils m\u2019ont surtout racont\u00e9 l\u2019insalubrit\u00e9, les punaises de lit, les cafards, les moisissures dans les douches, les c\u00e2bles \u00e9lectriques d\u00e9nud\u00e9s\u2026\u00a0\u00bb Il n\u2019est pas le seul \u00e0 relayer la col\u00e8re des d\u00e9tenus musulmans face \u00e0 l\u2019absence de viande halal dans les denr\u00e9es \u00e0 cantiner : \u00ab\u00a0Ce n\u2019est pas possible de priver les musulmans de viande. Certains en viennent \u00e0 se faire livrer de la viande par drone\u00a0!\u00a0\u00bb <\/p>\n<p>Un peu en retrait, v\u00eatu d\u2019un maillot de l\u2019Olympique de Marseille et d\u2019une casquette Tn sur la t\u00eate, Andr\u00e9 se souvient de sa d\u00e9tention il y a vingt ans. Il sait que les conditions de vie dans la prison se sont durcies ces derni\u00e8res ann\u00e9es. Par un cousin incarc\u00e9r\u00e9, il sait que la promenade n\u2019a lieu plus qu\u2019une fois par jour contre deux avant la pand\u00e9mie de covid\u00a0: \u00ab\u00a0Si t\u2019as pas le mental, quand tu passes ta journ\u00e9e \u00e0 deux dans neuf m\u00e8tres carr\u00e9s, c\u2019est le genre de truc qui peut te faire craquer\u2026\u00a0\u00bb Quand on l\u2019interroge sur sa priorit\u00e9 pour am\u00e9liorer les conditions de d\u00e9tention, Andr\u00e9 r\u00e9pond sans l\u2019ombre d\u2019un doute\u00a0: \u00ab\u00a0R\u00e9nover la prison,  voire m\u00eame la raser pour la reconstruire\u2026\u00a0\u00bb<\/p>\n<p>Les revendications des d\u00e9tenus strasbourgeois<\/p>\n<p>Un ancien d\u00e9tenu de la maison d\u2019arr\u00eat de Strasbourg nous a transmis une liste de neuf revendications port\u00e9es par la manifestation du 5 juillet. La voici\u00a0:<\/p>\n<ol class=\"wp-block-list\">\n<li>La cantine ext\u00e9rieure ne fournit plus de shampoing ou de dentifrice basiques depuis plus d\u2019un an. Dans les autres prisons, ils sont toujours disponibles.<\/li>\n<li>On ne peut commander qu\u2019un seul pack d\u2019eau (6 bouteilles) par personne, mais en \u00e9t\u00e9, avec 35-40 degr\u00e9s, cela ne suffit que pour 3-4 jours. L\u2019eau du robinet a une forte odeur de chlore, elle est imbuvable, et certains ont mal au ventre \u00e0 cause de \u00e7a. Dans les autres prisons, on peut commander deux packs d\u2019eau.<\/li>\n<li>Un seul paquet de p\u00e2tes par semaine, alors que dans d\u2019autres prisons, on peut en commander 3, 4 ou 5.<\/li>\n<li>Presque tous les produits de la cantine sont limit\u00e9s \u00e0 un seul par semaine.<\/li>\n<li>La viande halal a \u00e9t\u00e9 retir\u00e9e depuis plus d\u2019un an. Il n\u2019y a ni poulet, ni b\u0153uf, alors que dans d\u2019autres prisons comme Nancy, Lutterbach ou Metz, tout cela est disponible. Ce traitement pose la question de l\u2019islamophobie des responsables de la prison de Strasbourg.<\/li>\n<li>Les barres de traction dans les cours de promenades sont mal soud\u00e9es, trop larges et blessent les \u00e9paules de tous ceux qui les utilisent. Elles sont l\u00e0 depuis 10-15 ans et causent des blessures. Nous demandons des \u00e9quipements de sport normaux comme dans les autres prisons. Les gants de boxe sont autoris\u00e9s partout sauf \u00e0 Strasbourg, nous demandons qu\u2019ils soient autoris\u00e9s ici aussi.<\/li>\n<li>Il est interdit de sortir avec une bouteille d\u2019eau en promenade, m\u00eame en \u00e9t\u00e9 quand il fait 35-40 degr\u00e9s. Dans toutes les autres prisons de France, c\u2019est autoris\u00e9.<\/li>\n<li>L\u2019insalubrit\u00e9 des douches dans la prison est ind\u00e9cente. Alors que nous n\u2019avons que trois douches par semaine, ces douches sont remplies de moisissures. Dans certains \u00e9tages, seulement deux douches sur cinq fonctionnent de sorte que nous devons nous relayer pour nous laver dans cet espace qui est d\u00e9j\u00e0 exig\u00fce et moisi.<\/li>\n<li>La cantine de Strasbourg est un vrai probl\u00e8me : le choix est tr\u00e8s limit\u00e9 compar\u00e9 aux autres prisons, et en plus des restrictions, on ne peut commander qu\u2019un article \u00e0 la fois.<\/li>\n<\/ol>\n","protected":false},"excerpt":{"rendered":"Une cinquantaine de personnes ont manifest\u00e9 devant la maison d\u2019arr\u00eat de Strasbourg samedi 5 juillet. Parmi elles, plusieurs&hellip;\n","protected":false},"author":2,"featured_media":229822,"comment_status":"","ping_status":"","sticky":false,"template":"","format":"standard","meta":{"footnotes":""},"categories":[2820],"tags":[1111,11,1777,674,1011,27,775,2088,12,806,25,640],"class_list":{"0":"post-229821","1":"post","2":"type-post","3":"status-publish","4":"format-standard","5":"has-post-thumbnail","7":"category-strasbourg","8":"tag-actu","9":"tag-actualites","10":"tag-eu","11":"tag-europe","12":"tag-fr","13":"tag-france","14":"tag-grand-est","15":"tag-manifestation","16":"tag-news","17":"tag-prison","18":"tag-republique-francaise","19":"tag-strasbourg"},"share_on_mastodon":{"url":"https:\/\/pubeurope.com\/@fr\/114804873256206105","error":""},"_links":{"self":[{"href":"https:\/\/www.europesays.com\/fr\/wp-json\/wp\/v2\/posts\/229821","targetHints":{"allow":["GET"]}}],"collection":[{"href":"https:\/\/www.europesays.com\/fr\/wp-json\/wp\/v2\/posts"}],"about":[{"href":"https:\/\/www.europesays.com\/fr\/wp-json\/wp\/v2\/types\/post"}],"author":[{"embeddable":true,"href":"https:\/\/www.europesays.com\/fr\/wp-json\/wp\/v2\/users\/2"}],"replies":[{"embeddable":true,"href":"https:\/\/www.europesays.com\/fr\/wp-json\/wp\/v2\/comments?post=229821"}],"version-history":[{"count":0,"href":"https:\/\/www.europesays.com\/fr\/wp-json\/wp\/v2\/posts\/229821\/revisions"}],"wp:featuredmedia":[{"embeddable":true,"href":"https:\/\/www.europesays.com\/fr\/wp-json\/wp\/v2\/media\/229822"}],"wp:attachment":[{"href":"https:\/\/www.europesays.com\/fr\/wp-json\/wp\/v2\/media?parent=229821"}],"wp:term":[{"taxonomy":"category","embeddable":true,"href":"https:\/\/www.europesays.com\/fr\/wp-json\/wp\/v2\/categories?post=229821"},{"taxonomy":"post_tag","embeddable":true,"href":"https:\/\/www.europesays.com\/fr\/wp-json\/wp\/v2\/tags?post=229821"}],"curies":[{"name":"wp","href":"https:\/\/api.w.org\/{rel}","templated":true}]}}