{"id":229827,"date":"2025-07-06T06:30:09","date_gmt":"2025-07-06T06:30:09","guid":{"rendered":"https:\/\/www.europesays.com\/fr\/229827\/"},"modified":"2025-07-06T06:30:09","modified_gmt":"2025-07-06T06:30:09","slug":"et-si-vous-ecriviez-une-lettre-a-un-arbre-cest-ce-que-propose-cette-commune-de-loire-atlantique","status":"publish","type":"post","link":"https:\/\/www.europesays.com\/fr\/229827\/","title":{"rendered":"Et si vous \u00e9criviez une lettre \u00e0 un arbre ? C&rsquo;est ce que propose cette commune de Loire-Atlantique"},"content":{"rendered":"<p>            Par<br \/>\n        <strong><br \/>\n            <a href=\"https:\/\/actu.fr\/auteur\/clemence-pays02-actu-fr\" title=\"Consulter tous les articles de Cl\u00e9mence Pays\" rel=\"nofollow noopener\" target=\"_blank\">Cl\u00e9mence Pays<\/a><br \/>\n        <\/strong><\/p>\n<p>        Publi\u00e9 le<\/p>\n<p>            6 juil. 2025 \u00e0 7h50        <\/p>\n<p>C\u2019est un projet original que proposent la Ville d\u2019Orvault et l\u2019association Orvault Bouge dans le Bon Cens. <strong>Jusqu\u2019au 15\u00a0septembre 2025,<\/strong> les habitants de la commune sont invit\u00e9s \u00e0 \u00e9crire \u00ab\u2009<strong>une lettre, un po\u00e8me, une phrase ou quelques mots \u00e0 un arbre,<\/strong> pour partager un souvenir, une \u00e9motion, une pens\u00e9e\u2009\u00bb.<\/p>\n<p class=\" wall-content\">Quelques-uns de ces messages seront lus \u00e0 l\u2019occasion de la <strong>Journ\u00e9e du patrimoine et du matrimoine,<\/strong> dimanche 21\u00a0septembre, \u00ab\u2009dont le th\u00e8me principal s\u2019articule autour du v\u00e9g\u00e9tal\u2009\u00bb, explique la municipalit\u00e9.<\/p>\n<p>Mieux comprendre son environnement<\/p>\n<p class=\" wall-content\">Le but de cette initiative est d\u2019inviter les Orvaltaises et Orvaltais \u00e0 \u00ab\u2009poser <strong>un regard po\u00e9tique et engag\u00e9<\/strong> sur son environnement, pour mieux le comprendre, le ressentir et le prot\u00e9ger\u2009\u00bb.<\/p>\n<p class=\" wall-content\">Une <strong>bo\u00eete aux lettres<\/strong> est disponible pour d\u00e9poser son texte, \u00e0 Orm\u00e9do. Il est \u00e9galement possible d\u2019envoyer sa production par <strong>e-mail,<\/strong> \u00e0 l\u2019adresse suivante\u2009: <a href=\"https:\/\/actu.fr\/cdn-cgi\/l\/email-protection\" class=\"__cf_email__\" data-cfemail=\"57253224323622353e353b3e38233f3226223224173a363e253e327a38252136223b23793125\" rel=\"nofollow noopener\" target=\"_blank\">[email\u00a0protected]<\/a><\/p>\n<p class=\" wall-content\">Suivez toute l\u2019actualit\u00e9 de vos villes et m\u00e9dias favoris en vous inscrivant \u00e0 <a href=\"https:\/\/moncompte.actu.fr\" title=\"D\u00e9couvez Mon Actu\" rel=\"nofollow noopener\" data-trk=\"{&quot;cta&quot;:{&quot;action&quot;:&quot;https:\\\/\\\/moncompte.actu.fr&quot;,&quot;category&quot;:&quot;mon compte&quot;,&quot;from&quot;:&quot;article footer&quot;,&quot;name&quot;:&quot;Mon actu&quot;,&quot;type&quot;:&quot;cta&quot;}}\" target=\"_blank\">Mon Actu<\/a>.<\/p>\n","protected":false},"excerpt":{"rendered":"Par Cl\u00e9mence Pays Publi\u00e9 le 6 juil. 2025 \u00e0 7h50 C\u2019est un projet original que proposent la Ville&hellip;\n","protected":false},"author":2,"featured_media":229828,"comment_status":"","ping_status":"","sticky":false,"template":"","format":"standard","meta":{"footnotes":""},"categories":[2818],"tags":[1111,11,1777,674,1011,27,1757,766,12,2636,25],"class_list":{"0":"post-229827","1":"post","2":"type-post","3":"status-publish","4":"format-standard","5":"has-post-thumbnail","7":"category-nantes","8":"tag-actu","9":"tag-actualites","10":"tag-eu","11":"tag-europe","12":"tag-fr","13":"tag-france","14":"tag-insolite","15":"tag-nantes","16":"tag-news","17":"tag-pays-de-la-loire","18":"tag-republique-francaise"},"share_on_mastodon":{"url":"https:\/\/pubeurope.com\/@fr\/114804884946950051","error":""},"_links":{"self":[{"href":"https:\/\/www.europesays.com\/fr\/wp-json\/wp\/v2\/posts\/229827","targetHints":{"allow":["GET"]}}],"collection":[{"href":"https:\/\/www.europesays.com\/fr\/wp-json\/wp\/v2\/posts"}],"about":[{"href":"https:\/\/www.europesays.com\/fr\/wp-json\/wp\/v2\/types\/post"}],"author":[{"embeddable":true,"href":"https:\/\/www.europesays.com\/fr\/wp-json\/wp\/v2\/users\/2"}],"replies":[{"embeddable":true,"href":"https:\/\/www.europesays.com\/fr\/wp-json\/wp\/v2\/comments?post=229827"}],"version-history":[{"count":0,"href":"https:\/\/www.europesays.com\/fr\/wp-json\/wp\/v2\/posts\/229827\/revisions"}],"wp:featuredmedia":[{"embeddable":true,"href":"https:\/\/www.europesays.com\/fr\/wp-json\/wp\/v2\/media\/229828"}],"wp:attachment":[{"href":"https:\/\/www.europesays.com\/fr\/wp-json\/wp\/v2\/media?parent=229827"}],"wp:term":[{"taxonomy":"category","embeddable":true,"href":"https:\/\/www.europesays.com\/fr\/wp-json\/wp\/v2\/categories?post=229827"},{"taxonomy":"post_tag","embeddable":true,"href":"https:\/\/www.europesays.com\/fr\/wp-json\/wp\/v2\/tags?post=229827"}],"curies":[{"name":"wp","href":"https:\/\/api.w.org\/{rel}","templated":true}]}}