{"id":229849,"date":"2025-07-06T06:42:09","date_gmt":"2025-07-06T06:42:09","guid":{"rendered":"https:\/\/www.europesays.com\/fr\/229849\/"},"modified":"2025-07-06T06:42:09","modified_gmt":"2025-07-06T06:42:09","slug":"avec-ses-17m2-la-plus-petite-maison-de-lyon-cartonne-sur-les-reseaux-sociaux","status":"publish","type":"post","link":"https:\/\/www.europesays.com\/fr\/229849\/","title":{"rendered":"avec ses 17m2, la plus petite maison de Lyon cartonne sur les r\u00e9seaux sociaux"},"content":{"rendered":"<p>Depuis plusieurs mois, Camille documente sur Instagram ses travaux dans la plus petite maison de Lyon. Une habitation de 17m2, nich\u00e9e entre deux immeubles au c\u0153ur de la ville.<\/p>\n<p class=\"fig-paragraph\">Sur les r\u00e9seaux sociaux, la plus petite maison de Lyon fait un carton. Des centaines de milliers de vues, pr\u00e8s de 16.000 abonn\u00e9s. Une aventure aussi humaine que virtuelle, lanc\u00e9e par Camille Thouvenin, 43 ans. Apr\u00e8s avoir \u00e9t\u00e9 licenci\u00e9 d\u2019un grand groupe de\u00a0<a href=\"https:\/\/www.lefigaro.fr\/medias\/2018\/12\/18\/20004-20181218ARTFIG00326-jeux-video-le-japonais-bandai-namco-investit-en-france.php\" data-fig-type=\"Article\" data-gtm-custom-categorie=\"navigation\" data-gtm-custom-action=\"crossclick\" data-gtm-custom-label=\"Contextuel\" data-gtm-event=\"customEventSPE\" data-fig-domain=\"LEFIGARO\" target=\"_blank\" rel=\"noopener\">jeux vid\u00e9o<\/a>\u00a0o\u00f9 il occupait le poste de directeur adjoint des ventes en Europe, ce Lyonnais d\u00e9cide d\u2019acheter un petit studio \u00e0 retaper afin d\u2019occuper son \u00e9t\u00e9. \u00abJe cherchais un bien \u00e0 r\u00e9nover pour le mettre en location, et j\u2019ai vu cette annonce\u00bb, raconte le quadrag\u00e9naire. Sur le papier, le bien de 17m2, nich\u00e9 entre deux immeubles dans le 3e arrondissement de Lyon ne semblait pas des plus attrayants. \u00abC\u2019\u00e9tait vendu comme un studio. \u00c0 vrai dire les photos ne d\u00e9gageaient aucun potentiel, \u00e7a avait l\u2019air tr\u00e8s sombre\u00bb. Mais il se rend tout de m\u00eame sur place et tombe sous le charme de cette maison de ville. \u00abC\u2019est beaucoup plus marrant qu\u2019un studio sous les toits\u00bb.<\/p>\n<p class=\"fig-body-link\">\n            \u00c0 lire aussi<br \/>\n        <a class=\"fig-body-link__link\" href=\"http:\/\/www.lefigaro.fr\/lyon\/on-croit-a-la-reprise-apres-trois-ans-de-baisse-le-secteur-immobilier-lyonnais-entrevoit-la-lumiere-20250117\" data-fig-type=\"NewsFlash\" data-gtm-custom-categorie=\"navigation\" data-gtm-custom-action=\"crossclick\" data-gtm-custom-label=\"Contextuel\" data-gtm-event=\"customEventSPE\" data-fig-domain=\"LEFIGARO\" target=\"_blank\" rel=\"noopener\">\u00abOn croit \u00e0 la reprise\u00bb\u00a0: apr\u00e8s trois ans de baisse, le secteur immobilier lyonnais entrevoit la lumi\u00e8re<br \/>\n    <\/a>\n<\/p>\n<p class=\"fig-paragraph\">L\u2019aventure commence alors entre l\u2019ancien cadre et sa maison qu\u2019il ach\u00e8te 94.000\u20ac. \u00abJe n\u2019\u00e9tais pas s\u00fbr d\u2019avoir une rentabilit\u00e9 folle, mais en faisant tout moi-m\u00eame, je me suis dit que \u00e7a allait le faire\u00bb. Au-del\u00e0 du prix, ce projet fait surtout office de th\u00e9rapie pour Camille. \u00abJe me suis dit que gratter des carreaux et faire du pl\u00e2tre allait me faire du bien. Certains ach\u00e8tent une Porsche lors de la crise de la quarantaine, moi je fais des travaux dans une maison de 17m2. C\u2019est ma crise \u00e0 moi\u00bb.<\/p>\n<p>                                    <a class=\"fig-a11y-skip a11y-hidden\" href=\"#fig-a11y-skip-main-inarticle\"><br \/>\n        Passer la publicit\u00e9<br \/>\n    <\/a><\/p>\n<p>La maison sera pr\u00eate \u00e0 la location d\u00e8s septembre.<\/p>\n<p class=\"fig-paragraph\">Pour tenir son calendrier, il d\u00e9cide de partager l\u2019avancement des travaux en vid\u00e9o sur les r\u00e9seaux sociaux, d\u2019abord pour ses proches. Mais rapidement, cette aventure d\u00e9passe ce cercle amical. \u00abD\u00e9sormais je re\u00e7ois des messages de gens qui me suivent et qui me disent qu\u2019eux aussi sont dans une forme de mal-\u00eatre au travail et que mon projet les inspire\u00bb, confie Camille, visiblement \u00abtouch\u00e9\u00bb par ces t\u00e9moignages.<\/p>\n<p class=\"fig-paragraph\">D\u2019ici septembre les travaux de la plus petite maison de Lyon devraient se terminer. Elle devrait \u00eatre propos\u00e9e \u00e0\u00a0<a href=\"http:\/\/www.lefigaro.fr\/lyon\/airbnb-apres-paris-lyon-va-aussi-restreindre-les-locations-de-residence-principale-a-90-nuits-par-an-20250624\" data-fig-type=\"NewsFlash\" data-gtm-custom-categorie=\"navigation\" data-gtm-custom-action=\"crossclick\" data-gtm-custom-label=\"Contextuel\" data-gtm-event=\"customEventSPE\" data-fig-domain=\"LEFIGARO\" target=\"_blank\" rel=\"noopener\">la location dans la foul\u00e9e pour la rentr\u00e9e scolaire<\/a>. Camille ne compte pas s\u2019arr\u00eater l\u00e0\u00a0: \u00abJ\u2019ai d\u00e9j\u00e0 retap\u00e9 deux appartements et je crois que j\u2019aime beaucoup \u00e7a donc par la suite j\u2019aimerais peut-\u00eatre en faire mon m\u00e9tier\u00bb. Avant de trouver un nouvel occupant, son propri\u00e9taire veut y organiser \u00abla plus petite expo d\u2019\u0153uvres d\u2019art de Lyon\u00bb. \u00abAu-del\u00e0 de l\u2019aspect purement immobilier, \u00e7a ferait une belle fin \u00e0 cette histoire\u00bb, conclut Camille.<\/p>\n<p class=\"fig-frame__title\">Que fait cette \u00abvilla\u00a0\u00bb de 17m2 au c\u0153ur de Lyon\u00a0?<\/p>\n<p>Pendant ses travaux, Camille a aussi lanc\u00e9 une phase de recherches historiques au sujet de sa maison. \u00abIl semblerait que l\u2019immeuble date du percement du cours Lafayette , vers 1831. \u00c0 cette \u00e9poque, on \u00e9tait encore \u00e0 la Guilloti\u00e8re. Le b\u00e2timent a \u00e9t\u00e9 construit entre 1826 et 1832. Ce qui surplombe la maison, c\u2019est un lanternon, g\u00e9n\u00e9ralement utilis\u00e9 pour les ateliers, donc il semble que ce lieu ait d\u2019abord servi d\u2019atelier. Ensuite, une demande d\u2019autorisation pour un hangar a \u00e9t\u00e9 faite en 1875, ce qui indiquerait que la maison date de cette p\u00e9riode. A priori, ce serait un St\u00e9phanois qui en serait \u00e0 l\u2019origine. Enfin, en 1947, elle a \u00e9t\u00e9 officiellement inscrite comme habitation, d\u00e9crite \u00e0 l\u2019\u00e9poque comme une \u201cvilla\u201d. Le mot \u201cvilla\u201d est d\u2019ailleurs encore visible sur le bois de l\u2019ancien compteur \u00e9lectrique.\u00bb<\/p>\n","protected":false},"excerpt":{"rendered":"Depuis plusieurs mois, Camille documente sur Instagram ses travaux dans la plus petite maison de Lyon. Une habitation&hellip;\n","protected":false},"author":2,"featured_media":229850,"comment_status":"","ping_status":"","sticky":false,"template":"","format":"standard","meta":{"footnotes":""},"categories":[1889],"tags":[1111,11,2430,1777,674,1011,27,1116,1757,2440,2428,12,25],"class_list":{"0":"post-229849","1":"post","2":"type-post","3":"status-publish","4":"format-standard","5":"has-post-thumbnail","7":"category-lyon","8":"tag-actu","9":"tag-actualites","10":"tag-auvergne-rhone-alpes","11":"tag-eu","12":"tag-europe","13":"tag-fr","14":"tag-france","15":"tag-immobilier","16":"tag-insolite","17":"tag-instagram","18":"tag-lyon","19":"tag-news","20":"tag-republique-francaise"},"share_on_mastodon":{"url":"https:\/\/pubeurope.com\/@fr\/114804932152742243","error":""},"_links":{"self":[{"href":"https:\/\/www.europesays.com\/fr\/wp-json\/wp\/v2\/posts\/229849","targetHints":{"allow":["GET"]}}],"collection":[{"href":"https:\/\/www.europesays.com\/fr\/wp-json\/wp\/v2\/posts"}],"about":[{"href":"https:\/\/www.europesays.com\/fr\/wp-json\/wp\/v2\/types\/post"}],"author":[{"embeddable":true,"href":"https:\/\/www.europesays.com\/fr\/wp-json\/wp\/v2\/users\/2"}],"replies":[{"embeddable":true,"href":"https:\/\/www.europesays.com\/fr\/wp-json\/wp\/v2\/comments?post=229849"}],"version-history":[{"count":0,"href":"https:\/\/www.europesays.com\/fr\/wp-json\/wp\/v2\/posts\/229849\/revisions"}],"wp:featuredmedia":[{"embeddable":true,"href":"https:\/\/www.europesays.com\/fr\/wp-json\/wp\/v2\/media\/229850"}],"wp:attachment":[{"href":"https:\/\/www.europesays.com\/fr\/wp-json\/wp\/v2\/media?parent=229849"}],"wp:term":[{"taxonomy":"category","embeddable":true,"href":"https:\/\/www.europesays.com\/fr\/wp-json\/wp\/v2\/categories?post=229849"},{"taxonomy":"post_tag","embeddable":true,"href":"https:\/\/www.europesays.com\/fr\/wp-json\/wp\/v2\/tags?post=229849"}],"curies":[{"name":"wp","href":"https:\/\/api.w.org\/{rel}","templated":true}]}}