{"id":229855,"date":"2025-07-06T06:47:08","date_gmt":"2025-07-06T06:47:08","guid":{"rendered":"https:\/\/www.europesays.com\/fr\/229855\/"},"modified":"2025-07-06T06:47:08","modified_gmt":"2025-07-06T06:47:08","slug":"galeries-lafayette-assemblee-nationale-plusieurs-coupures-delectricite-a-paris-samedi","status":"publish","type":"post","link":"https:\/\/www.europesays.com\/fr\/229855\/","title":{"rendered":"Galeries Lafayette, Assembl\u00e9e nationale\u2026\u00a0: plusieurs coupures d\u2019\u00e9lectricit\u00e9 \u00e0 Paris samedi"},"content":{"rendered":"<p class=\"paragraph text_align_left lp-f-body-02\">Les causes sont doubles. <a href=\"https:\/\/www.leparisien.fr\/faits-divers\/paris-une-coupure-delectricite-en-cours-au-forum-des-halles-01-07-2025-LGX7D54XUFAFFMI6C4MHT5SNN4.php\" target=\"_blank\" rel=\"noreferrer nofollow noopener\">Plusieurs coupures de courant<\/a> ont affect\u00e9 le r\u00e9seau \u00e9lectrique parisien samedi, touchant notamment les Galeries Lafayette et des b\u00e2timents de l\u2019Assembl\u00e9e Nationale.<\/p>\n<p class=\"paragraph text_align_left lp-f-body-02\">Vers 16 heures, \u00ab le courant a \u00e9t\u00e9 coup\u00e9 dans une partie des Galeries Lafayette pr\u00e8s du boulevard Haussmann \u00bb selon une photo d\u2019une t\u00e9moin consult\u00e9e par l\u2019AFP, ainsi que rue Poussin dans le XVIe arrondissement \u00e0 21h30. \u00ab Les incidents ne concernent que quelques zones tr\u00e8s localis\u00e9es et limit\u00e9es de la capitale \u00bb, a assur\u00e9 Enedis, le gestionnaire du r\u00e9seau de distribution d\u2019\u00e9lectricit\u00e9, pr\u00e9cisant que \u00ab l\u2019ensemble des clients concern\u00e9s ont pu r\u00e9cup\u00e9rer une alimentation via un sch\u00e9ma de conduite de secours \u00bb.<\/p>\n<p class=\"paragraph text_align_left lp-f-body-02\">Les incidents \u00e9lectriques parisiens sont <a href=\"https:\/\/www.leparisien.fr\/paris-75\/la-panne-electrique-persiste-au-palais-de-justice-de-paris-les-fortes-chaleurs-a-lorigine-du-black-out-24-06-2025-MVCWGCOBYFCWRFLVGFCJUAJT2E.php\" target=\"_blank\" rel=\"noreferrer nofollow noopener\">dus \u00e0 \u00ab la vague de chaleur exceptionnelle<\/a> qui a touch\u00e9 le pays ces derniers jours \u00bb, a indiqu\u00e9 la filiale d\u2019EDF dans un bref communiqu\u00e9 samedi soir. \u00ab En raison des fortes chaleurs, et des fortes variations de temp\u00e9ratures, il y a des claquages sur les bo\u00eetes et accessoires qui relient les c\u00e2bles entre eux, et font que les c\u00e2bles l\u00e2chent, provoquant <a href=\"https:\/\/www.leparisien.fr\/faits-divers\/une-panne-de-courant-massive-paralyse-la-republique-tcheque-04-07-2025-AB4ELZDNKBHHLLKZLFQZ6WNMTE.php\" target=\"_blank\" rel=\"noreferrer nofollow noopener\">des coupures d\u2019alimentation<\/a> \u00bb, a expliqu\u00e9 de son c\u00f4t\u00e9 Arnaud Baret, d\u00e9l\u00e9gu\u00e9 syndical CGT Enedis Paris.<\/p>\n<p>Une gr\u00e8ve dans les agences d\u2019intervention<\/p>\n<p class=\"paragraph text_align_left lp-f-body-02\">Mais la m\u00e9t\u00e9o n\u2019est pas la seule explication, car, en parall\u00e8le, \u00ab trois des quatre agences d\u2019intervention parisiennes sont en gr\u00e8ve (\u2026), ce qui n\u2019aide pas au r\u00e9tablissement rapide des lignes \u00bb, a-t-il ajout\u00e9. Un mouvement qui a commenc\u00e9 le 12 juin.<\/p>\n<p class=\"paragraph text_align_left lp-f-body-02\">Selon la m\u00eame source, Paris a connu plus de 100 coupures diff\u00e9rentes dans la seule journ\u00e9e de samedi. Sur le <a href=\"https:\/\/www.enedis.fr\/resultat-panne-interruption?adresse=Paris&amp;insee=75056&amp;long=2.347&amp;lat=48.859&amp;type=municipality&amp;CPVille=Paris+75001&amp;street=&amp;name=Paris&amp;departement=75&amp;district=&amp;city=Paris\" target=\"_blank\" rel=\"noreferrer nofollow noopener\">site Internet d\u2019Enedis<\/a> \u00e0 23 heures, on relevait encore une soixantaine d\u2019incidents en cours de r\u00e9solution, dont certains dans la rue de Grenelle, o\u00f9 sont situ\u00e9s plusieurs minist\u00e8res, et <a href=\"https:\/\/www.leparisien.fr\/politique\/il-y-a-de-leau-sur-bayrou-les-orages-interrompent-le-debat-sur-la-situation-au-proche-orient-a-lassemblee-25-06-2025-72NEH42FDZBJLMTIX4PDL52TX4.php\" target=\"_blank\" rel=\"noreferrer nofollow noopener\">place du Palais-Bourbon<\/a>. Ils \u00e9taient encore une cinquantaine ce dimanche matin.<\/p>\n<p class=\"paragraph text_align_left lp-f-body-02\">\u00ab <a href=\"https:\/\/www.leparisien.fr\/meteo\/canicule-aussi-longue-que-celle-de-2003-la-vague-de-chaleur-sest-officiellement-terminee-vendredi-05-07-2025-CUV66FBOLBFTHPBOAW5K2HMVZE.php\" target=\"_blank\" rel=\"noreferrer nofollow noopener\">Outre l\u2019effet chaleur<\/a>, une partie des coupures sur le r\u00e9seau parisien sont aussi dues aux travaux de modernisation en cours dans plusieurs endroits \u00bb, a ajout\u00e9 une source de la direction, en admettant n\u00e9anmoins qu\u2019un \u00ab mouvement social des agents d\u2019Enedis perturbe les interventions du gestionnaire du r\u00e9seau de distribution d\u2019\u00e9lectricit\u00e9 \u00bb.<\/p>\n<p class=\"paragraph text_align_left lp-f-body-02\">Selon Arnaud Baret, d\u00e9l\u00e9gu\u00e9 syndical CGT Enedis Paris, le conflit porte sur le projet de la direction de remettre en cause l\u2019organisation du dispositif d\u2019astreinte et ses compensations financi\u00e8res pour le logement des agents. Ce dispositif sp\u00e9cifique \u00e0 Paris met \u00e0 disposition des logements aux salari\u00e9s d\u2019astreinte sur leur zone d\u2019intervention avec un loyer \u00e9cr\u00eat\u00e9, leur permettant d\u2019intervenir 24 heures\/24 en cas de panne localis\u00e9e, leur mission de service public les obligeant \u00e0 intervenir au plus vite pour les habitants priv\u00e9s d\u2019\u00e9lectricit\u00e9.<\/p>\n","protected":false},"excerpt":{"rendered":"Les causes sont doubles. Plusieurs coupures de courant ont affect\u00e9 le r\u00e9seau \u00e9lectrique parisien samedi, touchant notamment les&hellip;\n","protected":false},"author":2,"featured_media":229856,"comment_status":"","ping_status":"","sticky":false,"template":"","format":"standard","meta":{"footnotes":""},"categories":[1888],"tags":[11,1777,674,1011,27,1944,12,626,25,104],"class_list":{"0":"post-229855","1":"post","2":"type-post","3":"status-publish","4":"format-standard","5":"has-post-thumbnail","7":"category-paris","8":"tag-actualites","9":"tag-eu","10":"tag-europe","11":"tag-fr","12":"tag-france","13":"tag-ma-ville","14":"tag-news","15":"tag-paris","16":"tag-republique-francaise","17":"tag-societe"},"share_on_mastodon":{"url":"https:\/\/pubeurope.com\/@fr\/114804951894222842","error":""},"_links":{"self":[{"href":"https:\/\/www.europesays.com\/fr\/wp-json\/wp\/v2\/posts\/229855","targetHints":{"allow":["GET"]}}],"collection":[{"href":"https:\/\/www.europesays.com\/fr\/wp-json\/wp\/v2\/posts"}],"about":[{"href":"https:\/\/www.europesays.com\/fr\/wp-json\/wp\/v2\/types\/post"}],"author":[{"embeddable":true,"href":"https:\/\/www.europesays.com\/fr\/wp-json\/wp\/v2\/users\/2"}],"replies":[{"embeddable":true,"href":"https:\/\/www.europesays.com\/fr\/wp-json\/wp\/v2\/comments?post=229855"}],"version-history":[{"count":0,"href":"https:\/\/www.europesays.com\/fr\/wp-json\/wp\/v2\/posts\/229855\/revisions"}],"wp:featuredmedia":[{"embeddable":true,"href":"https:\/\/www.europesays.com\/fr\/wp-json\/wp\/v2\/media\/229856"}],"wp:attachment":[{"href":"https:\/\/www.europesays.com\/fr\/wp-json\/wp\/v2\/media?parent=229855"}],"wp:term":[{"taxonomy":"category","embeddable":true,"href":"https:\/\/www.europesays.com\/fr\/wp-json\/wp\/v2\/categories?post=229855"},{"taxonomy":"post_tag","embeddable":true,"href":"https:\/\/www.europesays.com\/fr\/wp-json\/wp\/v2\/tags?post=229855"}],"curies":[{"name":"wp","href":"https:\/\/api.w.org\/{rel}","templated":true}]}}