{"id":229881,"date":"2025-07-06T07:01:15","date_gmt":"2025-07-06T07:01:15","guid":{"rendered":"https:\/\/www.europesays.com\/fr\/229881\/"},"modified":"2025-07-06T07:01:15","modified_gmt":"2025-07-06T07:01:15","slug":"eden-park-waterugby-limpact-de-fulgence-ouedraogo-steffon-armitage-en-cameraman-le-plongeon-daurelien-rougerie-revivez-la-journee-du-samedi","status":"publish","type":"post","link":"https:\/\/www.europesays.com\/fr\/229881\/","title":{"rendered":"Eden Park WateRugby \u2013 L\u2019impact de Fulgence Ouedraogo, Steffon Armitage en cameraman, le plongeon d\u2019Aur\u00e9lien Rougerie\u2026 Revivez la journ\u00e9e du samedi\u00a0!"},"content":{"rendered":"<p>\n                Ce samedi, les Eau\u2019ll Stars \u00e9taient sur le terrain pour la 7\u00e8me \u00e9dition de l\u2019Eden Park WateRugby. Fabien Pelous, Aur\u00e9lien Rougerie, R\u00e9my Lamerat ou encore Steffon Armitage, toutes g\u00e9n\u00e9rations confondues autour d\u2019un ballon et au milieu de la Garonne.\n            <\/p>\n<p>Apr\u00e8s les \u00e9tudiants et les entreprises jeudi et vendredi, c\u2019\u00e9tait au tour des \u00e9quipes amateurs et des joueurs Eau\u2019ll Star de se jeter \u00e0 l\u2019eau pour cette 7\u00e8me \u00e9dition de l\u2019Eden Park WateRugby.\u00a0D\u2019un c\u00f4t\u00e9 il y avait les \u00ab\u00a0Correzinzins\u00a0\u00bb, les \u00ab\u00a0Gros Veaux\u00a0\u00bb ou encore les \u00ab\u00a0Mangoustines\u00a0\u00bb \u00e9quipes venues de toute la France et de l\u2019autre il y avait\u00a0p\u00eale-m\u00eale Aur\u00e9lien Rougerie, K\u00e9vin Gourdon, Rodrigo Capo Ortega ou Steffon Armitage et plein d\u2019autres anciennes gloires du rugby dont l\u2019in\u00e9vitable Iosefa Tekori, habitu\u00e9 des lieux.<\/p>\n<blockquote data-media-max-width=\"560\" data-class=\"twitter-tweet\">\n<p lang=\"fr\" dir=\"ltr\">Ambiance ?<\/p>\n<p>Le spectacle sur, et en dehors du terrain \u00e0 l\u2019Enden Park <a href=\"https:\/\/twitter.com\/WateRugby?ref_src=twsrc%5Etfw\" rel=\"nofollow noopener\" target=\"_blank\">@WateRugby<\/a> \u2600\ufe0f <a href=\"https:\/\/t.co\/CQjy0eTLXI\" rel=\"nofollow\">pic.twitter.com\/CQjy0eTLXI<\/a><\/p>\n<p>\u2014 RUGBYRAMA (@RugbyramaFR) <a href=\"https:\/\/twitter.com\/RugbyramaFR\/status\/1941567198629335273?ref_src=twsrc%5Etfw\" rel=\"nofollow noopener\" target=\"_blank\">July 5, 2025<\/a><\/p><\/blockquote>\n<p>Sous le soleil de <strong><a href=\"https:\/\/www.rugbyrama.fr\/equipe\/stade-toulousain\/\" target=\"_self\" rel=\"nofollow noopener\">Toulouse<\/a><\/strong>, nous avons pu voir Steffon Armitage s\u2019illustrer davantage\u00a0avec une cam\u00e9ra, qu\u2019avec un ballon en main. C\u2019est l\u2019ancien <strong><a href=\"https:\/\/www.rugbyrama.fr\/equipe\/rugby-club-toulonnais\/\" target=\"_self\" rel=\"nofollow noopener\">toulonnais<\/a><\/strong>, qui suivit de pr\u00e8s le match des l\u00e9gendes pour permettre \u00e0 tous de profiter du spectacle sur les \u00e9crans g\u00e9ants. Inutile de nous demander quel f\u00fbt le score de cette rencontre, l\u2019important \u00e9tait ailleurs. Car m\u00eame si l\u2019on dit \u00e0 Fulgence Ouedraogo ou Djibril Camara qu\u2019il s\u2019agit d\u2019un rugby touch\u00e9, les deux comp\u00e8res ne se privent pas pour filer des \u00ab\u00a0timbres\u00a0\u00bb \u00e0 certains cr\u00e9ateurs de contenus pr\u00e9sents sur l\u2019\u00e9v\u00e9nement, dont Rugby\u2019O\u2019top ou Djayzon Karavane.\u00a0Aur\u00e9lien Rougerie nous a aussi montr\u00e9 qu\u2019il avait encore de beaux restes pour allonger sa foul\u00e9e, plonger et fr\u00f4ler le bord de la plateforme qui sert de terrain de jeu.<\/p>\n<blockquote data-media-max-width=\"560\" data-class=\"twitter-tweet\">\n<p lang=\"fr\" dir=\"ltr\">L&rsquo;ancien international fran\u00e7ais Aur\u00e9lien Rougerie raconte son plaisir de participer \u00e0 l&rsquo;Eden Park Waterugby, tournoi de rugby sur l&rsquo;eau. Et il a bien pens\u00e9 \u00e0 la cr\u00e8me solaire ! <a href=\"https:\/\/t.co\/j4Xi8i4Dbj\" rel=\"nofollow\">pic.twitter.com\/j4Xi8i4Dbj<\/a><\/p>\n<p>\u2014 RUGBYRAMA (@RugbyramaFR) <a href=\"https:\/\/twitter.com\/RugbyramaFR\/status\/1941461575681896467?ref_src=twsrc%5Etfw\" rel=\"nofollow noopener\" target=\"_blank\">July 5, 2025<\/a><\/p><\/blockquote>\n<p>L\u2019ancien <strong><a href=\"https:\/\/www.rugbyrama.fr\/equipe\/asm-clermont\/\" target=\"_self\" rel=\"nofollow noopener\">clermontois<\/a><\/strong> n\u2019a peut-\u00eatre pas pr\u00e9vu de protection pour disputer ce tournoi, mais il a pr\u00e9vu tout le reste pour jouer sous 30 degr\u00e9s dans la Ville rose. Bon, et puisqu\u2019il y avait quand m\u00eame une comp\u00e9tition en parall\u00e8re de tout ce spectacle, les deux \u00e9quipes de Pieroklamona se sont retrouv\u00e9es en finale apr\u00e8s un parcours parfait. Pour une victoire de l\u2019\u00e9quipe espoirs 3-2 contre l&rsquo;\u00e9quipe fanion.<\/p>\n<p>                    <script async src=\"https:\/\/platform.twitter.com\/widgets.js\" charset=\"utf-8\"><\/script><\/p>\n","protected":false},"excerpt":{"rendered":"Ce samedi, les Eau\u2019ll Stars \u00e9taient sur le terrain pour la 7\u00e8me \u00e9dition de l\u2019Eden Park WateRugby. Fabien&hellip;\n","protected":false},"author":2,"featured_media":229882,"comment_status":"","ping_status":"","sticky":false,"template":"","format":"standard","meta":{"footnotes":""},"categories":[1416],"tags":[1011,27,479,1468,60],"class_list":{"0":"post-229881","1":"post","2":"type-post","3":"status-publish","4":"format-standard","5":"has-post-thumbnail","7":"category-rugby","8":"tag-fr","9":"tag-france","10":"tag-rugby","11":"tag-rugby-football","12":"tag-sports"},"share_on_mastodon":{"url":"","error":""},"_links":{"self":[{"href":"https:\/\/www.europesays.com\/fr\/wp-json\/wp\/v2\/posts\/229881","targetHints":{"allow":["GET"]}}],"collection":[{"href":"https:\/\/www.europesays.com\/fr\/wp-json\/wp\/v2\/posts"}],"about":[{"href":"https:\/\/www.europesays.com\/fr\/wp-json\/wp\/v2\/types\/post"}],"author":[{"embeddable":true,"href":"https:\/\/www.europesays.com\/fr\/wp-json\/wp\/v2\/users\/2"}],"replies":[{"embeddable":true,"href":"https:\/\/www.europesays.com\/fr\/wp-json\/wp\/v2\/comments?post=229881"}],"version-history":[{"count":0,"href":"https:\/\/www.europesays.com\/fr\/wp-json\/wp\/v2\/posts\/229881\/revisions"}],"wp:featuredmedia":[{"embeddable":true,"href":"https:\/\/www.europesays.com\/fr\/wp-json\/wp\/v2\/media\/229882"}],"wp:attachment":[{"href":"https:\/\/www.europesays.com\/fr\/wp-json\/wp\/v2\/media?parent=229881"}],"wp:term":[{"taxonomy":"category","embeddable":true,"href":"https:\/\/www.europesays.com\/fr\/wp-json\/wp\/v2\/categories?post=229881"},{"taxonomy":"post_tag","embeddable":true,"href":"https:\/\/www.europesays.com\/fr\/wp-json\/wp\/v2\/tags?post=229881"}],"curies":[{"name":"wp","href":"https:\/\/api.w.org\/{rel}","templated":true}]}}