{"id":229916,"date":"2025-07-06T07:21:17","date_gmt":"2025-07-06T07:21:17","guid":{"rendered":"https:\/\/www.europesays.com\/fr\/229916\/"},"modified":"2025-07-06T07:21:17","modified_gmt":"2025-07-06T07:21:17","slug":"la-vague-de-chaleur-sest-officiellement-terminee-ce-vendredi-avec-une-duree-aussi-longue-que-celle-de-2003","status":"publish","type":"post","link":"https:\/\/www.europesays.com\/fr\/229916\/","title":{"rendered":"La vague de chaleur s\u2019est officiellement termin\u00e9e ce vendredi, avec une dur\u00e9e aussi longue que celle de 2003"},"content":{"rendered":"<p>        <img decoding=\"async\" loading=\"lazy\" src=\"https:\/\/www.europesays.com\/fr\/wp-content\/uploads\/2025\/07\/3ce79dc_upload-1-eehxffh9f9on-000-64w38fm.jpg\"  width=\"728\" height=\"409\" alt=\"Un avion Canadair largue de l\u2019eau sur un feu de for\u00eat pr\u00e8s de Fontcouverte, dans le sud-ouest de la France, le 5\u00a0juillet 2025. \"\/>  <\/p>\n<p>IDRISS BIGOU-GILLES \/ AFP<\/p>\n<p>Un avion Canadair largue de l\u2019eau sur un feu de for\u00eat pr\u00e8s de Fontcouverte, dans le sud-ouest de la France, le 5\u00a0juillet 2025. <\/p>\n<p class=\"asset asset-text\">METEO &#8211; Un \u00e9pisode caniculaire tr\u00e8s violent. La\u00a0<a href=\"https:\/\/www.huffingtonpost.fr\/france\/article\/apres-la-canicule-enfin-une-chute-des-temperatures-a-l-horizon-mais-pas-partout_252084.html\" rel=\"nofollow noopener\" target=\"_blank\">vague\u00a0de\u00a0chaleur<\/a>\u00a0en France commenc\u00e9e le 19\u00a0juin s\u2019est officiellement termin\u00e9e ce vendredi 4\u00a0juillet, selon les crit\u00e8res de M\u00e9t\u00e9o-France. Elle aura dur\u00e9 au total 16 jours, soit une longueur \u00e9t\u00e9 identique \u00e0 celle de <a href=\"https:\/\/www.huffingtonpost.fr\/france\/article\/face-a-la-canicule-pourquoi-la-france-de-2025-n-a-rien-a-voir-avec-celle-de-2003_252052.html\" rel=\"nofollow noopener\" target=\"_blank\">la canicule meurtri\u00e8re de l\u2019\u00e9t\u00e9 2003<\/a>, a indiqu\u00e9 ce samedi l\u2019institut m\u00e9t\u00e9orologique, qui met en avant \u00ab\u00a0une intensit\u00e9 et une dur\u00e9e remarquable\u00a0\u00bb.<\/p>\n<p class=\"asset asset-text\">Ce samedi, l\u2019indicateur thermique national s\u2019est \u00e9lev\u00e9 \u00e0 23\u00a0\u00b0C selon une mesure provisoire, transmise ce samedi soir par M\u00e9t\u00e9o-France. Cette \u00ab\u00a0baisse des temp\u00e9ratures g\u00e9n\u00e9ralis\u00e9e et franche\u00a0\u00bb va se poursuivre ce dimanche en d\u00e9but de semaine prochaine, poursuit l\u2019organisme qui maintient tout de m\u00eame les deux d\u00e9partements corse en vigilance orange.<\/p>\n<p class=\"asset asset-text\">La\u00a0vague\u00a0de\u00a0chaleur\u00a0avec des temp\u00e9ratures caniculaires sur l\u2019ensemble de la m\u00e9tropole est la 50e depuis 1947, dont 33 ont eu lieu au XXIe\u00a0si\u00e8cle, ce qui illustre l\u2019augmentation de la fr\u00e9quence des fortes chaleurs \u00e0 cause de la combustion des \u00e9nergies fossiles (charbon, p\u00e9trole\u2026) dans le monde. Les 10 \u00e9t\u00e9s les plus chauds recens\u00e9s en France depuis 1900 ont d\u2019ailleurs tous \u00e9t\u00e9 comptabilis\u00e9s depuis l\u2019an 2000.<\/p>\n<p>    Deuxi\u00e8me mois de juin le plus chaud depuis 1900    <\/p>\n<p class=\"asset asset-text\">Juin\u00a02025 a \u00e9t\u00e9 le deuxi\u00e8me mois de juin le plus chaud depuis 1900, derri\u00e8re juin\u00a02003, dont l\u2019\u00e9t\u00e9 caniculaire est rest\u00e9 dans les m\u00e9moires avec 15\u00a0000 d\u00e9c\u00e8s pr\u00e9matur\u00e9s attribu\u00e9s aux chaleurs extr\u00eames enregistr\u00e9es du 2 au 17\u00a0ao\u00fbt de cette ann\u00e9e-l\u00e0.<\/p>\n<p class=\"asset asset-text\">Aucun bilan humain n\u2019est encore disponible pour cette ann\u00e9e, mais les outils de pr\u00e9vention et de gestion pour mieux adapter la soci\u00e9t\u00e9 ont \u00e9t\u00e9 nettement am\u00e9lior\u00e9s depuis le choc provoqu\u00e9 par le nombre \u00e9lev\u00e9 de victimes en 2003.<\/p>\n<p class=\"asset asset-text\">Malgr\u00e9 cette fin officielle de la vague de chaleur sur le pays, 2\u00a0d\u00e9partements vont rester en vigilance orange canicule\u00a0pour cette journ\u00e9e du dimanche\u00a0: la Corse-du-Sud et la Haute-Corse. En revanche, les Pyr\u00e9n\u00e9es-Atlantiques, l\u2019Aude, l\u2019H\u00e9rault, le Gard, les Bouches-du-Rh\u00f4ne, le Vaucluse et l\u2019Ard\u00e8che sortent tous de la vigilance orange d\u2019ici ce dimanche, 6\u00a0heures.<\/p>\n<p>    Les risques \u00ab\u00a0tr\u00e8s \u00e9lev\u00e9s\u00a0\u00bb de feux de for\u00eats    <\/p>\n<p class=\"asset asset-text\">Malgr\u00e9 la fin officielle de la\u00a0vague\u00a0de\u00a0chaleur, M\u00e9t\u00e9o-France a mis en garde ce samedi &#8211; pour la premi\u00e8re fois de l\u2019\u00e9t\u00e9 &#8211; contre les risques \u00ab\u00a0tr\u00e8s \u00e9lev\u00e9s\u00a0\u00bb de feux de for\u00eats ce dimanche dans les Bouches-du-Rh\u00f4ne, qui concernent aussi l\u2019Aude et le Var \u00e0 partir de ce lundi. \u00ab\u00a0Le danger de feu est tr\u00e8s \u00e9lev\u00e9 sur une partie du sud-est, expos\u00e9e \u00e0 de fortes chaleurs depuis plusieurs jours, avec des intensit\u00e9s de mistral et tramontane qui deviennent significatives\u00a0\u00bb a indiqu\u00e9 M\u00e9t\u00e9o France ce samedi.<\/p>\n<p class=\"asset asset-text\">Les premiers grands incendies de la saison ont d\u00e9j\u00e0 \u00e9clat\u00e9 ce samedi dans les Bouches-du-Rh\u00f4ne et l\u2019H\u00e9rault, et de nouveau dans l\u2019Aude, trois d\u00e9partements toujours sous la canicule, provoquant la coupure de l\u2019autoroute A9 en plein week-end de d\u00e9part en vacances.<\/p>\n<p class=\"asset asset-text\">Dans l\u2019Aude, une semaine apr\u00e8s un premier\u00a0incendie\u00a0d\u2019ampleur, un nouveau feu, d\u00e9clench\u00e9 par un feu de voiture sur l\u2019autoroute A61, avait parcouru 400\u00a0ha de v\u00e9g\u00e9tation ce samedi en fin de journ\u00e9e, mobilisant plus de 300 pompiers et d\u2019importants moyens a\u00e9riens.<\/p>\n<p class=\"asset asset-text\">Si le feu a \u00e9t\u00e9 d\u00e9clar\u00e9 \u00ab\u00a0circonscrit\u00a0\u00bb dans les Bouches-du-Rh\u00f4ne apr\u00e8s avoir parcouru une centaine d\u2019hectares de for\u00eats \u00e0 une quinzaine de km de Marseille, il est toujours actif sur le massif de la Gardiole dans l\u2019H\u00e9rault, avec plus de 350\u00a0ha parcourus, selon un point des pompiers \u00e0 19\u00a0heures.<\/p>\n","protected":false},"excerpt":{"rendered":"IDRISS BIGOU-GILLES \/ AFP Un avion Canadair largue de l\u2019eau sur un feu de for\u00eat pr\u00e8s de Fontcouverte,&hellip;\n","protected":false},"author":2,"featured_media":229917,"comment_status":"","ping_status":"","sticky":false,"template":"","format":"standard","meta":{"footnotes":""},"categories":[2],"tags":[11,27571,1011,27,2487,2357,12,15637],"class_list":{"0":"post-229916","1":"post","2":"type-post","3":"status-publish","4":"format-standard","5":"has-post-thumbnail","7":"category-actualites","8":"tag-actualites","9":"tag-feux-de-foret","10":"tag-fr","11":"tag-france","12":"tag-meteo","13":"tag-meteo-france","14":"tag-news","15":"tag-vague-de-chaleur"},"share_on_mastodon":{"url":"https:\/\/pubeurope.com\/@fr\/114805085521502438","error":""},"_links":{"self":[{"href":"https:\/\/www.europesays.com\/fr\/wp-json\/wp\/v2\/posts\/229916","targetHints":{"allow":["GET"]}}],"collection":[{"href":"https:\/\/www.europesays.com\/fr\/wp-json\/wp\/v2\/posts"}],"about":[{"href":"https:\/\/www.europesays.com\/fr\/wp-json\/wp\/v2\/types\/post"}],"author":[{"embeddable":true,"href":"https:\/\/www.europesays.com\/fr\/wp-json\/wp\/v2\/users\/2"}],"replies":[{"embeddable":true,"href":"https:\/\/www.europesays.com\/fr\/wp-json\/wp\/v2\/comments?post=229916"}],"version-history":[{"count":0,"href":"https:\/\/www.europesays.com\/fr\/wp-json\/wp\/v2\/posts\/229916\/revisions"}],"wp:featuredmedia":[{"embeddable":true,"href":"https:\/\/www.europesays.com\/fr\/wp-json\/wp\/v2\/media\/229917"}],"wp:attachment":[{"href":"https:\/\/www.europesays.com\/fr\/wp-json\/wp\/v2\/media?parent=229916"}],"wp:term":[{"taxonomy":"category","embeddable":true,"href":"https:\/\/www.europesays.com\/fr\/wp-json\/wp\/v2\/categories?post=229916"},{"taxonomy":"post_tag","embeddable":true,"href":"https:\/\/www.europesays.com\/fr\/wp-json\/wp\/v2\/tags?post=229916"}],"curies":[{"name":"wp","href":"https:\/\/api.w.org\/{rel}","templated":true}]}}