{"id":229919,"date":"2025-07-06T07:24:23","date_gmt":"2025-07-06T07:24:23","guid":{"rendered":"https:\/\/www.europesays.com\/fr\/229919\/"},"modified":"2025-07-06T07:24:23","modified_gmt":"2025-07-06T07:24:23","slug":"tomblaine-lycee-arthur-varoquaux-bac-2025-mention-tres-bien-theo-delalande-17-ans-bac-general","status":"publish","type":"post","link":"https:\/\/www.europesays.com\/fr\/229919\/","title":{"rendered":"Tomblaine, lyc\u00e9e Arthur-Varoquaux | Bac 2025 Mention Tr\u00e8s Bien. Th\u00e9o Delalande, 17 ans, bac g\u00e9n\u00e9ral"},"content":{"rendered":"<p>Th\u00e9o Delalande, 17 ans, demeurant \u00e0 Seichamps, a d\u00e9croch\u00e9 son bac g\u00e9n\u00e9ral avec mention tr\u00e8s bien. Passionn\u00e9 par les sciences humaines, il a obtenu la note de 20 au Grand oral. Sa mati\u00e8re pr\u00e9f\u00e9r\u00e9e est les HGGSP. Il a obtenu une moyenne de 17,45. Il s&rsquo;appr\u00eate \u00e0 entamer une licence de droit \u00e0 Nancy, bien qu&rsquo;il ne sache pas encore quel m\u00e9tier il vise. Cet \u00e9t\u00e9, il pr\u00e9voit de partir au Canada. En dehors des \u00e9tudes, il pratique le tennis.<\/p>\n<p>\u270e R\u00e9dig\u00e9 avec l&rsquo;aide d&rsquo;outils IA et v\u00e9rifi\u00e9 par un journaliste \ud83d\udec8 En savoir plus avec la charte IA d&rsquo;Ebra.<\/p>\n","protected":false},"excerpt":{"rendered":"Th\u00e9o Delalande, 17 ans, demeurant \u00e0 Seichamps, a d\u00e9croch\u00e9 son bac g\u00e9n\u00e9ral avec mention tr\u00e8s bien. Passionn\u00e9 par&hellip;\n","protected":false},"author":2,"featured_media":229920,"comment_status":"","ping_status":"","sticky":false,"template":"","format":"standard","meta":{"footnotes":""},"categories":[9635],"tags":[1111,11,36609,1704,1057,1777,674,10961,1011,27,775,11260,1702,12,25,11703],"class_list":{"0":"post-229919","1":"post","2":"type-post","3":"status-publish","4":"format-standard","5":"has-post-thumbnail","7":"category-nancy","8":"tag-actu","9":"tag-actualites","10":"tag-baccalaureat-mention-tres-bien","11":"tag-edition-nancy-et-agglomeration","12":"tag-education","13":"tag-eu","14":"tag-europe","15":"tag-examen-diplome","16":"tag-fr","17":"tag-france","18":"tag-grand-est","19":"tag-metropole-du-grand-nancy-54b4","20":"tag-nancy","21":"tag-news","22":"tag-republique-francaise","23":"tag-tomblaine"},"share_on_mastodon":{"url":"https:\/\/pubeurope.com\/@fr\/114805097320200668","error":""},"_links":{"self":[{"href":"https:\/\/www.europesays.com\/fr\/wp-json\/wp\/v2\/posts\/229919","targetHints":{"allow":["GET"]}}],"collection":[{"href":"https:\/\/www.europesays.com\/fr\/wp-json\/wp\/v2\/posts"}],"about":[{"href":"https:\/\/www.europesays.com\/fr\/wp-json\/wp\/v2\/types\/post"}],"author":[{"embeddable":true,"href":"https:\/\/www.europesays.com\/fr\/wp-json\/wp\/v2\/users\/2"}],"replies":[{"embeddable":true,"href":"https:\/\/www.europesays.com\/fr\/wp-json\/wp\/v2\/comments?post=229919"}],"version-history":[{"count":0,"href":"https:\/\/www.europesays.com\/fr\/wp-json\/wp\/v2\/posts\/229919\/revisions"}],"wp:featuredmedia":[{"embeddable":true,"href":"https:\/\/www.europesays.com\/fr\/wp-json\/wp\/v2\/media\/229920"}],"wp:attachment":[{"href":"https:\/\/www.europesays.com\/fr\/wp-json\/wp\/v2\/media?parent=229919"}],"wp:term":[{"taxonomy":"category","embeddable":true,"href":"https:\/\/www.europesays.com\/fr\/wp-json\/wp\/v2\/categories?post=229919"},{"taxonomy":"post_tag","embeddable":true,"href":"https:\/\/www.europesays.com\/fr\/wp-json\/wp\/v2\/tags?post=229919"}],"curies":[{"name":"wp","href":"https:\/\/api.w.org\/{rel}","templated":true}]}}