{"id":229921,"date":"2025-07-06T07:25:25","date_gmt":"2025-07-06T07:25:25","guid":{"rendered":"https:\/\/www.europesays.com\/fr\/229921\/"},"modified":"2025-07-06T07:25:25","modified_gmt":"2025-07-06T07:25:25","slug":"vandoeuvre-les-nancy-lycee-jacques-callot-bac-2025-mention-tres-bien-maelle-graillot-18-ans-bac-general","status":"publish","type":"post","link":"https:\/\/www.europesays.com\/fr\/229921\/","title":{"rendered":"Vandoeuvre-l\u00e8s-Nancy, lyc\u00e9e Jacques-Callot | Bac 2025 Mention Tr\u00e8s Bien. Ma\u00eblle Graillot, 18 ans, bac g\u00e9n\u00e9ral"},"content":{"rendered":"<p>Ludres, Ma\u00eblle Graillot, 18 ans, a d\u00e9croch\u00e9 son bac g\u00e9n\u00e9ral en section europ\u00e9enne avec une moyenne de 16,54. Passionn\u00e9e par la lecture et le dessin, elle a obtenu la note de 20 en SVT, sa mati\u00e8re pr\u00e9f\u00e9r\u00e9e. Tr\u00e8s contente d&rsquo;avoir obtenu la mention tr\u00e8s bien, elle se destine \u00e0 une classe pr\u00e9paratoire BCPST pour devenir biologiste. En dehors des \u00e9tudes, Ma\u00eblle est b\u00e9n\u00e9vole \u00e0 la SLPA. Elle pratique \u00e9galement l&rsquo;\u00e9quitation et l&rsquo;escrime artistique. Cet \u00e9t\u00e9, elle pr\u00e9voit de se reposer, de profiter de sa famille et de sortir avec ses amies.<\/p>\n<p>\u270e R\u00e9dig\u00e9 avec l&rsquo;aide d&rsquo;outils IA et v\u00e9rifi\u00e9 par un journaliste \ud83d\udec8 En savoir plus avec la charte IA d&rsquo;Ebra.<\/p>\n","protected":false},"excerpt":{"rendered":"Ludres, Ma\u00eblle Graillot, 18 ans, a d\u00e9croch\u00e9 son bac g\u00e9n\u00e9ral en section europ\u00e9enne avec une moyenne de 16,54.&hellip;\n","protected":false},"author":2,"featured_media":229922,"comment_status":"","ping_status":"","sticky":false,"template":"","format":"standard","meta":{"footnotes":""},"categories":[9635],"tags":[1111,11,36609,1704,1057,1777,674,10961,1011,27,775,11260,1702,12,25,11703],"class_list":{"0":"post-229921","1":"post","2":"type-post","3":"status-publish","4":"format-standard","5":"has-post-thumbnail","7":"category-nancy","8":"tag-actu","9":"tag-actualites","10":"tag-baccalaureat-mention-tres-bien","11":"tag-edition-nancy-et-agglomeration","12":"tag-education","13":"tag-eu","14":"tag-europe","15":"tag-examen-diplome","16":"tag-fr","17":"tag-france","18":"tag-grand-est","19":"tag-metropole-du-grand-nancy-54b4","20":"tag-nancy","21":"tag-news","22":"tag-republique-francaise","23":"tag-tomblaine"},"share_on_mastodon":{"url":"https:\/\/pubeurope.com\/@fr\/114805101259927918","error":""},"_links":{"self":[{"href":"https:\/\/www.europesays.com\/fr\/wp-json\/wp\/v2\/posts\/229921","targetHints":{"allow":["GET"]}}],"collection":[{"href":"https:\/\/www.europesays.com\/fr\/wp-json\/wp\/v2\/posts"}],"about":[{"href":"https:\/\/www.europesays.com\/fr\/wp-json\/wp\/v2\/types\/post"}],"author":[{"embeddable":true,"href":"https:\/\/www.europesays.com\/fr\/wp-json\/wp\/v2\/users\/2"}],"replies":[{"embeddable":true,"href":"https:\/\/www.europesays.com\/fr\/wp-json\/wp\/v2\/comments?post=229921"}],"version-history":[{"count":0,"href":"https:\/\/www.europesays.com\/fr\/wp-json\/wp\/v2\/posts\/229921\/revisions"}],"wp:featuredmedia":[{"embeddable":true,"href":"https:\/\/www.europesays.com\/fr\/wp-json\/wp\/v2\/media\/229922"}],"wp:attachment":[{"href":"https:\/\/www.europesays.com\/fr\/wp-json\/wp\/v2\/media?parent=229921"}],"wp:term":[{"taxonomy":"category","embeddable":true,"href":"https:\/\/www.europesays.com\/fr\/wp-json\/wp\/v2\/categories?post=229921"},{"taxonomy":"post_tag","embeddable":true,"href":"https:\/\/www.europesays.com\/fr\/wp-json\/wp\/v2\/tags?post=229921"}],"curies":[{"name":"wp","href":"https:\/\/api.w.org\/{rel}","templated":true}]}}