{"id":22994,"date":"2025-04-13T20:19:10","date_gmt":"2025-04-13T20:19:10","guid":{"rendered":"https:\/\/www.europesays.com\/fr\/22994\/"},"modified":"2025-04-13T20:19:10","modified_gmt":"2025-04-13T20:19:10","slug":"a-1h30-de-paris-cette-autre-cite-medievale-merite-aussi-largement-le-detour-en-hiver","status":"publish","type":"post","link":"https:\/\/www.europesays.com\/fr\/22994\/","title":{"rendered":"\u00c0 1h30 de Paris, cette autre cit\u00e9 m\u00e9di\u00e9vale m\u00e9rite aussi largement le d\u00e9tour en hiver"},"content":{"rendered":"<p><strong>Envie d\u2019\u00e9vasion sans faire des kilom\u00e8tres ? \u00c0 seulement 90 minutes de Paris se cache une perle m\u00e9di\u00e9vale qui rivalise avec les destinations touristiques les plus pris\u00e9es. En cette saison hivernale, ses ruelles pav\u00e9es et ses remparts historiques prennent une dimension magique que peu de visiteurs connaissent. D\u00e9couvre pourquoi ce joyau m\u00e9di\u00e9val m\u00e9rite amplement ton attention quand les temp\u00e9ratures baissent.<\/strong><\/p>\n<p>D\u00e9couvrir le charme hivernal d\u2019une cit\u00e9 m\u00e9di\u00e9vale m\u00e9connue<\/p>\n<p>Je me souviens encore de ma premi\u00e8re visite \u00e0 Provins en plein c\u0153ur de l\u2019hiver. Quelle r\u00e9v\u00e9lation ! Alors que la plupart des touristes se pressent vers les destinations estivales, j\u2019ai d\u00e9couvert que cette cit\u00e9 m\u00e9di\u00e9vale d\u00e9voile ses plus beaux atours quand le froid s\u2019installe.<\/p>\n<p>Nich\u00e9e dans le d\u00e9partement de Seine-et-Marne, Provins offre une parenth\u00e8se temporelle accessible en moins de deux heures depuis la capitale. Tu peux facilement t\u2019y rendre en train depuis la Gare de l\u2019Est ou en voiture via l\u2019autoroute A4. \u00c0 mon arriv\u00e9e, j\u2019ai tout de suite \u00e9t\u00e9 saisi par l\u2019atmosph\u00e8re particuli\u00e8re qui r\u00e8gne dans ses rues pendant l\u2019hiver.<\/p>\n<p>Les pav\u00e9s l\u00e9g\u00e8rement givr\u00e9s, les toits des maisons \u00e0 colombages saupoudr\u00e9s de blanc, les fum\u00e9es qui s\u2019\u00e9chappent des chemin\u00e9es\u2026 tout contribue \u00e0 cr\u00e9er une ambiance digne d\u2019un conte m\u00e9di\u00e9val. La lumi\u00e8re rasante de l\u2019hiver sublime les fa\u00e7ades anciennes et les remparts qui ceinturent la ville haute.<\/p>\n<p>L\u2019avantage principal d\u2019une visite hivernale ? La tranquillit\u00e9. Contrairement \u00e0 l\u2019\u00e9t\u00e9 o\u00f9 les groupes se bousculent, tu peux fl\u00e2ner paisiblement et t\u2019impr\u00e9gner de l\u2019histoire sans \u00eatre bouscul\u00e9. Les habitants, moins accapar\u00e9s par l\u2019afflux touristique, se montrent particuli\u00e8rement accueillants et prennent le temps d\u2019\u00e9changer.<\/p>\n<p>Si tu appr\u00e9cies les fortifications m\u00e9di\u00e9vales, tu seras \u00e9galement fascin\u00e9 par <a href=\"https:\/\/www.newsofmarseille.com\/chateau-savoie-est-joyau-medieval-unique-france-0080382024.html\" target=\"_blank\" rel=\"noopener\">ce ch\u00e2teau de Savoie qui est un joyau m\u00e9di\u00e9val unique en France<\/a>, t\u00e9moignage d\u2019une autre facette de notre patrimoine historique.<\/p>\n<p>Analyser les tr\u00e9sors historiques sous un nouveau jour<\/p>\n<p>La Tour C\u00e9sar, \u00e9difice embl\u00e9matique de Provins, prend une dimension presque mystique sous le ciel hivernal. Je l\u2019ai gravie par un matin de janvier et la vue sur la ville envelopp\u00e9e de brume m\u2019a litt\u00e9ralement coup\u00e9 le souffle. Ce donjon du 12\u00e8me si\u00e8cle, qui a servi tour \u00e0 tour de guet, de prison et de refuge, d\u00e9voile tous ses secrets aux visiteurs courageux qui affrontent les marches par temps frais.<\/p>\n<p>Les remparts m\u00e9di\u00e9vaux, longs de pr\u00e8s de 5 km, constituent une promenade id\u00e9ale m\u00eame en saison froide. Bien emmitoufl\u00e9, j\u2019ai parcouru une partie de ce chemin de ronde et d\u00e9couvert des panoramas saisissants sur la campagne environnante. Les fortifications, particuli\u00e8rement bien conserv\u00e9es, t\u00e9moignent de l\u2019importance strat\u00e9gique de Provins au Moyen \u00c2ge.<\/p>\n<p>La Grange aux D\u00eemes, ancien march\u00e9 couvert du 13\u00e8me si\u00e8cle, propose un abri bienvenu les jours de grand froid. J\u2019y ai visit\u00e9 une exposition fascinante sur les m\u00e9tiers d\u2019antan. La sc\u00e9nographie, enrichie de sons et de lumi\u00e8res, plonge le visiteur dans l\u2019ambiance des foires m\u00e9di\u00e9vales qui ont fait la renomm\u00e9e de la ville.<\/p>\n<p>Ne manque pas la visite des souterrains, dont la temp\u00e9rature constante offre un refuge appr\u00e9ci\u00e9 quand le thermom\u00e8tre descend. Ces galeries myst\u00e9rieuses, creus\u00e9es entre le 13\u00e8me et le 18\u00e8me si\u00e8cle, rec\u00e8lent d\u2019\u00e9tonnantes sculptures et gravures murales. Le guide m\u2019a racont\u00e9 les l\u00e9gendes associ\u00e9es \u00e0 ces lieux, entre histoire des Templiers et mythes populaires.<\/p>\n<p>Savourer les plaisirs hivernaux d\u2019une cit\u00e9 m\u00e9di\u00e9vale<\/p>\n<p>L\u2019hiver \u00e0 Provins, c\u2019est aussi l\u2019occasion de d\u00e9couvrir une gastronomie r\u00e9confortante. J\u2019ai trouv\u00e9 refuge dans une auberge du centre historique o\u00f9 l\u2019on m\u2019a servi un potage aux l\u00e9gumes anciens et un savoureux rago\u00fbt mijot\u00e9 longuement. Les sp\u00e9cialit\u00e9s locales comme la fameuse \u00ab\u00a0rissole aux pommes\u00a0\u00bb parfum\u00e9e \u00e0 la rose de Provins r\u00e9chauffent parfaitement apr\u00e8s une journ\u00e9e d\u2019exploration.<\/p>\n<p>Les boutiques d\u2019artisanat local prennent des allures f\u00e9eriques en cette saison. J\u2019ai pouss\u00e9 la porte d\u2019un atelier de potier o\u00f9 le ma\u00eetre des lieux fa\u00e7onnait des reproductions de vaisselle m\u00e9di\u00e9vale. Plus loin, un confiseur proposait des d\u00e9lices \u00e0 la rose, sp\u00e9cialit\u00e9 embl\u00e9matique depuis que Thibaud IV de Champagne rapporta cette fleur des croisades au 13\u00e8me si\u00e8cle.<\/p>\n<p>Si tu visites Provins en d\u00e9cembre, tu auras peut-\u00eatre la chance d\u2019assister au march\u00e9 m\u00e9di\u00e9val de No\u00ebl. Les \u00e9choppes en bois, les artisans en costume d\u2019\u00e9poque et les animations musicales cr\u00e9ent une atmosph\u00e8re v\u00e9ritablement magique. J\u2019y ai d\u00e9gust\u00e9 un hypocras \u00e9pic\u00e9 qui m\u2019a imm\u00e9diatement r\u00e9chauff\u00e9.<\/p>\n<p>\u00c0 moins de deux heures de Paris, d\u2019autres joyaux m\u00e9di\u00e9vaux m\u00e9ritent \u00e9galement ton attention, comme <a href=\"https:\/\/www.newsofmarseille.com\/village-classe-parmi-plus-beaux-france-adosse-falaises-craie-blanche-garde-jalousement-rives-seine-decor-pittoresque-0088392024.html\" target=\"_blank\" rel=\"noopener\">ce village class\u00e9 parmi les plus beaux de France, adoss\u00e9 aux falaises de craie blanche<\/a>, dont le charme op\u00e8re en toute saison.<\/p>\n<p>Le patrimoine mondial \u00e0 port\u00e9e de main<\/p>\n<p>Ce qui rend Provins particuli\u00e8rement remarquable, c\u2019est son inscription au patrimoine mondial de l\u2019UNESCO depuis 2001. Cette reconnaissance t\u00e9moigne de l\u2019authenticit\u00e9 exceptionnelle de cette ville m\u00e9di\u00e9vale, l\u2019une des mieux pr\u00e9serv\u00e9es d\u2019Europe. En parcourant ses ruelles, j\u2019ai v\u00e9ritablement eu l\u2019impression de remonter le temps.<\/p>\n<p>Provins doit cette conservation remarquable \u00e0 un d\u00e9clin \u00e9conomique survenu d\u00e8s le 14\u00e8me si\u00e8cle. Paradoxalement, c\u2019est cette mise en sommeil qui a pr\u00e9serv\u00e9 son architecture des transformations modernes. Aujourd\u2019hui, la ville met admirablement en valeur ce patrimoine exceptionnel tout en restant \u00e0 taille humaine.<\/p>\n<p>En hiver, les spectacles m\u00e9di\u00e9vaux continuent en format r\u00e9duit. J\u2019ai assist\u00e9 \u00e0 une d\u00e9monstration de fauconnerie dans la cour du ch\u00e2teau qui m\u2019a totalement captiv\u00e9. Voir ces rapaces majestueux \u00e9voluer dans le ciel hivernal au-dessus des tours m\u00e9di\u00e9vales cr\u00e9e un tableau inoubliable.<\/p>\n<p>Alors, pr\u00eat \u00e0 d\u00e9couvrir Provins sous son manteau hivernal ? Cette cit\u00e9 m\u00e9di\u00e9vale \u00e0 seulement 1h30 de Paris t\u2019attend pour une escapade hors du temps. N\u2019h\u00e9site pas \u00e0 partager tes propres exp\u00e9riences de visites hivernales ou \u00e0 me poser tes questions en commentaire ! Je serais ravi d\u2019\u00e9changer avec toi sur ce joyau m\u00e9di\u00e9val qui m\u00e9rite amplement le d\u00e9tour, quelle que soit la saison.<\/p>\n<p><img loading=\"lazy\" decoding=\"async\" width=\"150\" height=\"150\" src=\"data:image\/svg+xml,%3Csvg%20xmlns=\" http:=\"\" class=\"attachment-150x150 size-150x150\" alt=\"\" itemprop=\"image\" data-lazy- data-lazy- data-lazy-src=\"https:\/\/www.europesays.com\/fr\/wp-content\/uploads\/2025\/04\/im6-150x150.png\"\/><\/p>\n<p>Salut \u00e0 tous, je suis Eglantine. D\u00e9couvrez mes articles sur le voyage \u00e0 travers mes conseils, astuces et lieux pr\u00e9f\u00e9r\u00e9s en exclusivit\u00e9 sur News Of Marseille.<br \/>R\u00e9dactrice de coeur, je vous guide \u00e0 travers mes \u00e9crits pour vous transmettre mon expertise sur l&rsquo;aventure du voyage. Et \u00e9videmment, allez l&rsquo;OM \ud83d\ude09<\/p>\n<p>Partagez l&rsquo;article ou suivez nous !<\/p>\n<p>\n\tNos images sont \u00e0 but illustratif et peuvent ne pas repr\u00e9senter la r\u00e9alit\u00e9<\/p>\n","protected":false},"excerpt":{"rendered":"Envie d\u2019\u00e9vasion sans faire des kilom\u00e8tres ? \u00c0 seulement 90 minutes de Paris se cache une perle m\u00e9di\u00e9vale&hellip;\n","protected":false},"author":2,"featured_media":22995,"comment_status":"","ping_status":"","sticky":false,"template":"","format":"standard","meta":{"footnotes":""},"categories":[1888],"tags":[1111,1928,11,1927,8455,8456,7604,1777,674,1011,27,8457,12,1926,626,1925,25],"class_list":{"0":"post-22994","1":"post","2":"type-post","3":"status-publish","4":"format-standard","5":"has-post-thumbnail","7":"category-paris","8":"tag-actu","9":"tag-actu-paris","10":"tag-actualites","11":"tag-actualites-paris","12":"tag-charme-hivernal","13":"tag-citee-medievale","14":"tag-destination-medievale","15":"tag-eu","16":"tag-europe","17":"tag-fr","18":"tag-france","19":"tag-hiver-magique","20":"tag-news","21":"tag-news-paris","22":"tag-paris","23":"tag-paris-news","24":"tag-republique-francaise"},"share_on_mastodon":{"url":"https:\/\/pubeurope.com\/@fr\/114332510708017619","error":""},"_links":{"self":[{"href":"https:\/\/www.europesays.com\/fr\/wp-json\/wp\/v2\/posts\/22994","targetHints":{"allow":["GET"]}}],"collection":[{"href":"https:\/\/www.europesays.com\/fr\/wp-json\/wp\/v2\/posts"}],"about":[{"href":"https:\/\/www.europesays.com\/fr\/wp-json\/wp\/v2\/types\/post"}],"author":[{"embeddable":true,"href":"https:\/\/www.europesays.com\/fr\/wp-json\/wp\/v2\/users\/2"}],"replies":[{"embeddable":true,"href":"https:\/\/www.europesays.com\/fr\/wp-json\/wp\/v2\/comments?post=22994"}],"version-history":[{"count":0,"href":"https:\/\/www.europesays.com\/fr\/wp-json\/wp\/v2\/posts\/22994\/revisions"}],"wp:featuredmedia":[{"embeddable":true,"href":"https:\/\/www.europesays.com\/fr\/wp-json\/wp\/v2\/media\/22995"}],"wp:attachment":[{"href":"https:\/\/www.europesays.com\/fr\/wp-json\/wp\/v2\/media?parent=22994"}],"wp:term":[{"taxonomy":"category","embeddable":true,"href":"https:\/\/www.europesays.com\/fr\/wp-json\/wp\/v2\/categories?post=22994"},{"taxonomy":"post_tag","embeddable":true,"href":"https:\/\/www.europesays.com\/fr\/wp-json\/wp\/v2\/tags?post=22994"}],"curies":[{"name":"wp","href":"https:\/\/api.w.org\/{rel}","templated":true}]}}