{"id":229954,"date":"2025-07-06T07:49:09","date_gmt":"2025-07-06T07:49:09","guid":{"rendered":"https:\/\/www.europesays.com\/fr\/229954\/"},"modified":"2025-07-06T07:49:09","modified_gmt":"2025-07-06T07:49:09","slug":"cest-quoi-ce-superbe-bateau-dans-le-port-de-marseille-des-visites-gratuites-a-bord","status":"publish","type":"post","link":"https:\/\/www.europesays.com\/fr\/229954\/","title":{"rendered":"C&rsquo;est quoi ce superbe bateau dans le port de Marseille ? Des visites gratuites \u00e0 bord"},"content":{"rendered":"<p>            Par<br \/>\n        <strong><br \/>\n            <a href=\"https:\/\/actu.fr\/auteur\/thomas-blanc\" title=\"Consulter tous les articles de Thomas Blanc\" rel=\"nofollow noopener\" target=\"_blank\">Thomas Blanc<\/a><br \/>\n        <\/strong><\/p>\n<p>        Publi\u00e9 le<\/p>\n<p>            6 juil. 2025 \u00e0 7h46        <\/p>\n<p>Un magnifique trois-m\u00e2ts, <strong>dans le style du Belem, <\/strong>arriv\u00e9 dans les eaux du <a href=\"https:\/\/actu.fr\/?s=vieux+port\" rel=\"nofollow noopener\" target=\"_blank\">Vieux-Port<\/a> le 8 mai 2024 avec la flamme olympique \u00e0 son bord, est amarr\u00e9 depuis le 29 juin 2025 et pour plusieurs jours encore <strong>\u00e0 Marseille<\/strong>.<\/p>\n<p class=\" wall-content\">Des visites gratuites sont organis\u00e9es.<\/p>\n<p>L\u2019ann\u00e9e de la mer<\/p>\n<p class=\" wall-content\"><strong>Le Kraken<\/strong>, c\u00e9l\u00e8bre voilier de l\u2019<strong>association Wings of the Ocean<\/strong>, revient sur le devant de la sc\u00e8ne pour marquer cette ann\u00e9e hors du commun.<\/p>\n<p class=\" wall-content\">Car oui, 2025 est l\u2019Ann\u00e9e de la mer. Cette derni\u00e8re a \u00e9t\u00e9 lanc\u00e9e apr\u00e8s la 3e <strong>Conf\u00e9rence des Nations unies sur l\u2019Oc\u00e9an<\/strong> que Nice a accueilli.<\/p>\n<p class=\" wall-content\">Avec ses <strong>42\u00a0m\u00e8tres de long<\/strong>, ce trois-m\u00e2ts de style go\u00e9lette mettra le cap sur les c\u00f4tes m\u00e9diterran\u00e9ennes fran\u00e7aises pour une mission de sensibilisation \u00e0 la d\u00e9gradation des mers et oc\u00e9ans, accompagn\u00e9 de <strong>23 marins et b\u00e9n\u00e9voles \u00e0 bord<\/strong>.<\/p>\n<p>Vid\u00e9os : en ce moment sur Actu<\/p>\n<p class=\" wall-content\"><a href=\"https:\/\/www.instagram.com\/p\/DLnLH7gR32F\/embed\" title=\"Ouvrir le lien sur Instagram\" rel=\"nofollow noopener\" target=\"_blank\">Visualiser le contenu sur Instagram<\/a><\/p>\n<p>De nombreuses escales<\/p>\n<p class=\" wall-content\">Parall\u00e8lement, le collectif d\u2019art contemporain <strong>Polymer<\/strong>, exposera sur le bateau, des \u0153uvres d\u2019art engag\u00e9es et po\u00e9tiques, fabriqu\u00e9es \u00e0 partir de d\u00e9chets collect\u00e9s dans la nature.<\/p>\n<p class=\" wall-content\">Apr\u00e8s avoir sensibilis\u00e9 les <a href=\"https:\/\/actu.fr\/?s=Alpes+Maritimes\" rel=\"nofollow noopener\" target=\"_blank\">Maralpins<\/a> et les <a href=\"https:\/\/actu.fr\/?s=Var\" rel=\"nofollow noopener\" target=\"_blank\">Varois<\/a> pendant le mois de juin, le Kraken fera plusieurs haltes dans les <a href=\"https:\/\/actu.fr\/?s=Bouches-du-Rh%C3%B4ne\" rel=\"nofollow noopener\" target=\"_blank\">Bouches-du-Rh\u00f4ne<\/a> et dans l\u2019<a href=\"https:\/\/actu.fr\/?s=H%C3%A9rault\" rel=\"nofollow noopener\" target=\"_blank\">H\u00e9rault<\/a> tout le reste de l\u2019\u00e9t\u00e9.<\/p>\n<p class=\" wall-content\">Il est au Vieux-Port jusqu\u2019au 13 juillet 2025, face au <strong>quai des Belges<\/strong>. \u00c0 partir du 14, il sera possible de l\u2019admirer \u00e0 l\u2019<strong>Estaque,<\/strong> puis aux \u00eeles du Frioul du 21 au 31\u00a0juillet. D\u00e9but ao\u00fbt, le bateau fera cap sur <a href=\"https:\/\/actu.fr\/?s=S%C3%A8te\" rel=\"nofollow noopener\" target=\"_blank\">S\u00e8te,<\/a> dans le d\u00e9partement de l\u2019H\u00e9rault. Les visites sont gratuites et se font sans rendez-vous.<\/p>\n<p class=\" wall-content\">Pour les chanceux qui sont en vacances tout le mois de juillet, mais veulent tout de m\u00eame monter \u00e0 bord du Kraken, il revient au Vieux-Port du 22\u00a0ao\u00fbt au 29\u00a0septembre.<\/p>\n<p>Le Kraken est amarr\u00e9 c\u00f4t\u00e9 quai des Belges du 29 juin au 13 juillet 2025<\/p>\n<p class=\" wall-content\">Suivez toute l\u2019actualit\u00e9 de vos villes et m\u00e9dias favoris en vous inscrivant \u00e0 <a href=\"https:\/\/moncompte.actu.fr\" title=\"D\u00e9couvez Mon Actu\" rel=\"nofollow noopener\" data-trk=\"{&quot;cta&quot;:{&quot;action&quot;:&quot;https:\\\/\\\/moncompte.actu.fr&quot;,&quot;category&quot;:&quot;mon compte&quot;,&quot;from&quot;:&quot;article footer&quot;,&quot;name&quot;:&quot;Mon actu&quot;,&quot;type&quot;:&quot;cta&quot;}}\" target=\"_blank\">Mon Actu<\/a>.<\/p>\n<p>                    <script async src=\"\/\/www.instagram.com\/embed.js\"><\/script><\/p>\n","protected":false},"excerpt":{"rendered":"Par Thomas Blanc Publi\u00e9 le 6 juil. 2025 \u00e0 7h46 Un magnifique trois-m\u00e2ts, dans le style du Belem,&hellip;\n","protected":false},"author":2,"featured_media":229955,"comment_status":"","ping_status":"","sticky":false,"template":"","format":"standard","meta":{"footnotes":""},"categories":[2814],"tags":[1111,11,1777,674,1011,27,1652,884,12,882,25,1179],"class_list":{"0":"post-229954","1":"post","2":"type-post","3":"status-publish","4":"format-standard","5":"has-post-thumbnail","7":"category-marseille","8":"tag-actu","9":"tag-actualites","10":"tag-eu","11":"tag-europe","12":"tag-fr","13":"tag-france","14":"tag-loisirs-culture","15":"tag-marseille","16":"tag-news","17":"tag-provence-alpes-cote-dazur","18":"tag-republique-francaise","19":"tag-vieux-port"},"share_on_mastodon":{"url":"https:\/\/pubeurope.com\/@fr\/114805195662628195","error":""},"_links":{"self":[{"href":"https:\/\/www.europesays.com\/fr\/wp-json\/wp\/v2\/posts\/229954","targetHints":{"allow":["GET"]}}],"collection":[{"href":"https:\/\/www.europesays.com\/fr\/wp-json\/wp\/v2\/posts"}],"about":[{"href":"https:\/\/www.europesays.com\/fr\/wp-json\/wp\/v2\/types\/post"}],"author":[{"embeddable":true,"href":"https:\/\/www.europesays.com\/fr\/wp-json\/wp\/v2\/users\/2"}],"replies":[{"embeddable":true,"href":"https:\/\/www.europesays.com\/fr\/wp-json\/wp\/v2\/comments?post=229954"}],"version-history":[{"count":0,"href":"https:\/\/www.europesays.com\/fr\/wp-json\/wp\/v2\/posts\/229954\/revisions"}],"wp:featuredmedia":[{"embeddable":true,"href":"https:\/\/www.europesays.com\/fr\/wp-json\/wp\/v2\/media\/229955"}],"wp:attachment":[{"href":"https:\/\/www.europesays.com\/fr\/wp-json\/wp\/v2\/media?parent=229954"}],"wp:term":[{"taxonomy":"category","embeddable":true,"href":"https:\/\/www.europesays.com\/fr\/wp-json\/wp\/v2\/categories?post=229954"},{"taxonomy":"post_tag","embeddable":true,"href":"https:\/\/www.europesays.com\/fr\/wp-json\/wp\/v2\/tags?post=229954"}],"curies":[{"name":"wp","href":"https:\/\/api.w.org\/{rel}","templated":true}]}}