{"id":229958,"date":"2025-07-06T07:51:12","date_gmt":"2025-07-06T07:51:12","guid":{"rendered":"https:\/\/www.europesays.com\/fr\/229958\/"},"modified":"2025-07-06T07:51:12","modified_gmt":"2025-07-06T07:51:12","slug":"machon-pas-les-mots-tourisme-durable-graines-electroniques","status":"publish","type":"post","link":"https:\/\/www.europesays.com\/fr\/229958\/","title":{"rendered":"M\u00e2chon Pas Les Mots, tourisme durable, Graines Electroniques&#8230;"},"content":{"rendered":"<p>Chaque semaine, Lyon Demain et BFM Lyon vous proposent de d\u00e9couvrir des id\u00e9es pour \u00eatre plus respectueux de la plan\u00e8te.\u00a0Cette semaine, notre invit\u00e9e est\u00a0Laetitia Chalandon, fondatrice de Machon pas les mots. Nous parlerons aussi de tourisme responsable. Et dans l\u2019agenda : le festival Graines Electroniques\u2026<\/p>\n<p>Vous voulez tout savoir sur l\u2019<strong>alimentation<\/strong>, et en particulier sur les <strong>bons produits<\/strong>\u2026 <strong>M\u00e2chon Pas les Mots<\/strong> vous fait retrouver le chemin des <strong>saveurs<\/strong>.<\/p>\n<p>Un <strong><a href=\"https:\/\/www.machonpaslesmots.fr\/\" target=\"_blank\" rel=\"noreferrer noopener\">m\u00e9dia libre et ind\u00e9pendant<\/a>, \u00e0 la fois culinaire et engag\u00e9<\/strong>. Cr\u00e9\u00e9 en 2023 par <strong>Laetitia Chalandon<\/strong>, il a pour but de rendre visibles diff\u00e9rentes initiatives pour donner des rep\u00e8res, des bonnes id\u00e9es et de l\u2019inspiration.<\/p>\n<p>Notre invit\u00e9e, cette semaine, c\u2019est <strong>Laetitia Chalandon<\/strong>, fondatrice de <strong>Machon pas les mots<\/strong>\u2026 Regardez l\u2019\u00e9mission<\/p>\n<p><video controls=\"\" src=\"https:\/\/www.lyondemain.fr\/wp-content\/uploads\/2025\/07\/Planete-Locale-du-mercredi-2-juillet-Un-media-engage-dedie-a-l.mp4\"\/>Planete Locale du mercredi 2 juillet 2025<\/p>\n<p>\u00ab\u00a0Ce qui m\u2019importe, c\u2019est mettre du lien entre les gens. Aujourd\u2019hui, on ne sait plus vraiment comment on produit une carotte. L\u2019agriculteur ne sait plus non plus, o\u00f9 va son produit. Il faut <strong>recr\u00e9er du lien entre les mangeurs et la terre<\/strong>\u00ab\u00a0.<\/p>\n<p>Ecoutez aussi :<a href=\"https:\/\/www.lyondemain.fr\/machon-pas-les-mots-alimentation-saveurs\/\" target=\"_blank\" rel=\"noreferrer noopener\">M\u00e2chon pas les Mots : un m\u00e9dia pour red\u00e9couvrir les saveurs<\/a><\/p>\n<p>La M\u00e9tropole de Lyon met le paquet sur le tourisme durable<\/p>\n<p>La <strong>M\u00e9tropole de Lyon<\/strong> vient de publier les r\u00e9sultats d\u2019une <strong>enqu\u00eate sur le tourisme d\u2019agr\u00e9ment<\/strong>. Pour connaitre notamment le <strong>profil des touristes<\/strong> qui visitent notre belle ville et \u00e9tudier l\u2019impact d\u2019un tourisme durable\u2026.<\/p>\n<p>Les principaux enseignements : <strong>2\/3 de Fran\u00e7ais<\/strong>, <strong>1\/3 d\u2019Etrangers<\/strong> (10% de plus qu\u2019il y a 10 ans). <strong>Suisses, Anglais, Allemands<\/strong> arrivent en t\u00eate.<\/p>\n<p>Pr\u00e8s de 40% des touristes prennent en compte les <strong>enjeux d\u2019\u00e9cologie et d\u2019environnemen<\/strong>t Cela se traduit par le choix des <strong>modes de transport<\/strong> pour venir \u00e0 Lyon, mais aussi pour se d\u00e9placer dans la ville\u2026 Et aussi par le <strong>choix des activit\u00e9s<\/strong> pendant le s\u00e9jour.<\/p>\n<p>La <strong>r\u00e9gion lyonnaise<\/strong> a acquis une belle r\u00e9putation, non seulement pour la qualit\u00e9 de ses monuments, pour ses cours d\u2019eau, sa basilique ou ses mus\u00e9es. Mais aussi pour ses <strong>pistes cyclables<\/strong>, ses <strong>v\u00e9los en libre service<\/strong>, sa <strong>restauration v\u00e9g\u00e9tarienne<\/strong>, et m\u00eame son <strong>accessibilit\u00e9<\/strong>\u2026 Pour rappel, la <strong>M\u00e9tropole  de Lyon<\/strong> avait fait du tourisme durable sa priorit\u00e9. Nous avons rencontr\u00e9 <strong>Virginie Carton<\/strong>, la directrice d\u2019<strong><a href=\"https:\/\/pro.lyon-france.com\/actualites-onlylyon-tourisme-et-congres\/parlons-chiffres\/chiffres-cles-2024-et-profil-des-touristes-tout-savoir-sur-la-dynamique-du-tourisme-a-lyon\" target=\"_blank\" rel=\"noreferrer noopener\">OnlyLyon Tourisme et Congr\u00e8s<\/a><\/strong>\u2026 Regardez l\u2019\u00e9mission<\/p>\n<p>L\u2019<strong>\u00e9coresponsabilit\u00e9<\/strong> concerne aussi le <strong>tourisme d\u2019affaires<\/strong>. Lyon figure \u00e0 la <strong>15\u00e8me place<\/strong> au classement mondial des <strong>100 destinations les plus engag\u00e9es<\/strong>. La destination Lyon accompagne aussi les acteurs du territoire pout <strong>proposer des \u00e9v\u00e9nements plus responsables<\/strong>. Les organisateurs sont sensibles \u00e0 ces <strong>bonnes pratiques<\/strong> qui entrent dans leur <strong>politique globale RSE<\/strong>. Le tourime durable a un bel avenir. D\u2019autres que de nombreux acteurs sont candidats \u00e0 une <strong>\u00e9colabellisation<\/strong>.<\/p>\n<p>Ecoutez aussi : <a href=\"https:\/\/www.lyondemain.fr\/le-navigone-navette-fluviale-lyon-saone\/\" target=\"_blank\" rel=\"noreferrer noopener\">Le Navig\u00f4ne : le retour des transports publics sur la Sa\u00f4ne \u00e0 Lyon<\/a><\/p>\n<p>Le festival Graines \u00e9lectroniques de retour d\u00e8s ce week-end<\/p>\n<p>Un rendez-vous unique \u00e0 Lyon o\u00f9 <strong>musique \u00e9lectronique<\/strong> et <strong>\u00e9cologie<\/strong> se rencontrent. Bien sur des <strong>concerts<\/strong>, des <strong>spectacles d\u2019impro<\/strong>\u2026 Mais on pourra aussi participer \u00e0 des <strong>ateliers cr\u00e9atifs<\/strong>.<\/p>\n<p>La nourriture est locale, la boisson aussi, souvent du <strong>fait-maison<\/strong>, du<strong> bio <\/strong>et <strong>de saison<\/strong>.<\/p>\n<p>Un festival qui se veut aussi le plus inclusif et le plus accessible possible\u2026 Avec des am\u00e9nagements adapt\u00e9s pour les <strong>personnes en situation de handicap<\/strong> (bar hauteur PMR, toilettes PMR, acc\u00e8s PMR, coupe file PMR).<\/p>\n<p>Un stand de <strong>pr\u00e9vention des risques<\/strong>\u2026 Des \u00e9quipes sont mobilis\u00e9es aussi pour pr\u00e9venir et intervenir en cas de <strong>comportements oppressants<\/strong>, de<strong> violences<\/strong> et <strong>harc\u00e8lement sexiste et sexuel<\/strong>.<\/p>\n<p>Bref, une exp\u00e9rience joyeuse, responsable et respectueuse de la plan\u00e8te.<\/p>\n<p>Nouveaut\u00e9 : le festival <strong>Graines Electroniques<\/strong> se tient sur une semaine enti\u00e8re cette ann\u00e9e<br \/><strong>Du samedi 5 au samedi 12 juillet<\/strong><br \/>Sur deux sites : la <strong>Station Mue <\/strong>et le <strong>Parc des Berges<\/strong>\u2026<\/p>\n<p>Ecoutez aussi : <a href=\"https:\/\/www.lyondemain.fr\/cuivres-en-dombes-festival\/\" target=\"_blank\" rel=\"noreferrer noopener\">Cuivres en Dombes : Mnozil Brass pour ouvrir le festival\u2026<\/a><\/p>\n<p><img fetchpriority=\"high\" decoding=\"async\" width=\"1200\" height=\"675\" src=\"https:\/\/www.europesays.com\/fr\/wp-content\/uploads\/2025\/07\/Machon-Pas-les-Mots-Tourisme-durable.jpg\" alt=\"Tourisme durable\" class=\"wp-image-250356\"  \/><br \/>\nJ\u2019aime \u00e7a\u00a0:<\/p>\n<p>J\u2019aime chargement\u2026<\/p>\n<p><a class=\"sd-link-color\"\/><\/p>\n<p>\n\tArticles similaires\n<\/p>\n<p>\t\t\t\t<img decoding=\"async\" src=\"https:\/\/www.europesays.com\/fr\/wp-content\/uploads\/2025\/07\/1751788272_94_7866158698e17e8ed633c05e8f8e7fe5d9e057ad78661c4dc34e413abb6b9f19\" alt=\"G\u00e9rald Bouchon\"\/><\/p>\n<p>Pionnier des radios libres, passionn\u00e9 de radio, journaliste et dirigeant de m\u00e9dias \u00e9co-responsables..<\/p>\n","protected":false},"excerpt":{"rendered":"Chaque semaine, Lyon Demain et BFM Lyon vous proposent de d\u00e9couvrir des id\u00e9es pour \u00eatre plus respectueux de&hellip;\n","protected":false},"author":2,"featured_media":229959,"comment_status":"","ping_status":"","sticky":false,"template":"","format":"standard","meta":{"footnotes":""},"categories":[1889],"tags":[1111,11,2430,36834,1777,674,36835,1011,27,36836,36837,2428,36838,12,36839,36840,25,35510,36841],"class_list":{"0":"post-229958","1":"post","2":"type-post","3":"status-publish","4":"format-standard","5":"has-post-thumbnail","7":"category-lyon","8":"tag-actu","9":"tag-actualites","10":"tag-auvergne-rhone-alpes","11":"tag-bilan-touristique","12":"tag-eu","13":"tag-europe","14":"tag-festival-eco-responsable","15":"tag-fr","16":"tag-france","17":"tag-graines-electroniques","18":"tag-laetitia-chalandon","19":"tag-lyon","20":"tag-machon-pas-les-mots","21":"tag-news","22":"tag-onlylyon","23":"tag-parc-des-berges","24":"tag-republique-francaise","25":"tag-station-mue","26":"tag-tourisme-durable"},"share_on_mastodon":{"url":"https:\/\/pubeurope.com\/@fr\/114805203533698710","error":""},"_links":{"self":[{"href":"https:\/\/www.europesays.com\/fr\/wp-json\/wp\/v2\/posts\/229958","targetHints":{"allow":["GET"]}}],"collection":[{"href":"https:\/\/www.europesays.com\/fr\/wp-json\/wp\/v2\/posts"}],"about":[{"href":"https:\/\/www.europesays.com\/fr\/wp-json\/wp\/v2\/types\/post"}],"author":[{"embeddable":true,"href":"https:\/\/www.europesays.com\/fr\/wp-json\/wp\/v2\/users\/2"}],"replies":[{"embeddable":true,"href":"https:\/\/www.europesays.com\/fr\/wp-json\/wp\/v2\/comments?post=229958"}],"version-history":[{"count":0,"href":"https:\/\/www.europesays.com\/fr\/wp-json\/wp\/v2\/posts\/229958\/revisions"}],"wp:featuredmedia":[{"embeddable":true,"href":"https:\/\/www.europesays.com\/fr\/wp-json\/wp\/v2\/media\/229959"}],"wp:attachment":[{"href":"https:\/\/www.europesays.com\/fr\/wp-json\/wp\/v2\/media?parent=229958"}],"wp:term":[{"taxonomy":"category","embeddable":true,"href":"https:\/\/www.europesays.com\/fr\/wp-json\/wp\/v2\/categories?post=229958"},{"taxonomy":"post_tag","embeddable":true,"href":"https:\/\/www.europesays.com\/fr\/wp-json\/wp\/v2\/tags?post=229958"}],"curies":[{"name":"wp","href":"https:\/\/api.w.org\/{rel}","templated":true}]}}