{"id":229973,"date":"2025-07-06T08:01:10","date_gmt":"2025-07-06T08:01:10","guid":{"rendered":"https:\/\/www.europesays.com\/fr\/229973\/"},"modified":"2025-07-06T08:01:10","modified_gmt":"2025-07-06T08:01:10","slug":"le-japon-premier-investisseur-aux-etats-unis-ne-transigera-pas-facilement-face-a-donald-trump","status":"publish","type":"post","link":"https:\/\/www.europesays.com\/fr\/229973\/","title":{"rendered":"le Japon, premier investisseur aux \u00c9tats-Unis, \u00abne transigera pas facilement\u00bb face \u00e0 Donald Trump"},"content":{"rendered":"<p>Le Japon tente d\u2019obtenir un accord avec les \u00c9tats-Unis avant l\u2019entr\u00e9e en vigueur des lourds droits de douane impos\u00e9s par le pr\u00e9sident am\u00e9ricain.<\/p>\n<p class=\"fig-paragraph\">Alors que les droits de douane punitifs brandis par Donald Trump doivent entrer en vigueur mercredi, le premier ministre japonais Shigeru Ishiba a affirm\u00e9 dimanche qu&rsquo;il ne \u00abtransigerait pas facilement\u00bb dans les n\u00e9gociations commerciales avec Washington, men\u00e9es dans le but d\u2019obtenir un accord. \u00abC&rsquo;est pour cela que cela prend du temps et que c&rsquo;est difficile\u00bb, a justifi\u00e9 Shigeru Ishiba \u00e0 la t\u00e9l\u00e9vision.<\/p>\n<p class=\"fig-paragraph\">Donald Trump avait r\u00e9v\u00e9l\u00e9 en avril, puis suspendu, les surtaxes les plus \u00e9lev\u00e9es contre des dizaines de pays, dont le Japon, laissant jusqu&rsquo;au 9 juillet pour n\u00e9gocier. Il avait expliqu\u00e9 qu&rsquo;il \u00e9crirait une lettre \u00e0 Tokyo, exigeant de \u00abpayer 30%, 35% ou tout autre taux\u00bb qui serait choisi par son administration, qualifiant d&rsquo;\u00abinjustes\u00bb les relations commerciales bilat\u00e9rales. Le pr\u00e9sident am\u00e9ricain veut notamment que le Japon importe plus d&rsquo;automobiles et de riz en provenance des \u00c9tats-Unis.<\/p>\n<p>                                    <a class=\"fig-a11y-skip a11y-hidden\" href=\"#fig-a11y-skip-main-inarticle\"><br \/>\n        Passer la publicit\u00e9<br \/>\n    <\/a><\/p>\n<p class=\"fig-paragraph\">Dimanche, Shigeru Ishiba a r\u00e9p\u00e9t\u00e9 qu&rsquo;il estimait que son pays devait \u00eatre trait\u00e9 diff\u00e9remment des autres, en ce qu&rsquo;il est le\u00a0<a href=\"http:\/\/www.lefigaro.fr\/conjoncture\/droits-de-douane-americains-les-negociations-s-accelerent-avant-le-couperet-20250703\" target=\"_blank\" data-fig-type=\"Article\" rel=\"noopener\" data-gtm-custom-categorie=\"navigation\" data-gtm-custom-action=\"crossclick\" data-gtm-custom-label=\"Contextuel\" data-gtm-event=\"customEventSPE\" data-fig-domain=\"LEFIGARO\">premier investisseur \u00e9tranger dans l&rsquo;\u00e9conomie am\u00e9ricaine<\/a>. \u00abNous sommes un alli\u00e9, mais nous devons dire ce que nous avons \u00e0 dire. Nous sommes la nation qui investit le plus et qui cr\u00e9e le plus d&#8217;emplois (aux \u00c9tats-Unis) au monde. Nous sommes diff\u00e9rents\u00bb, a-t-il jug\u00e9. L&rsquo;\u00e9missaire japonais pour le commerce, Ryosei Akazawa, s&rsquo;est entretenu au t\u00e9l\u00e9phone jeudi et samedi avec le secr\u00e9taire au Commerce am\u00e9ricain, Howard Lutnick, pour tenter d&rsquo;avancer dans les discussions.<\/p>\n","protected":false},"excerpt":{"rendered":"Le Japon tente d\u2019obtenir un accord avec les \u00c9tats-Unis avant l\u2019entr\u00e9e en vigueur des lourds droits de douane&hellip;\n","protected":false},"author":2,"featured_media":229974,"comment_status":"","ping_status":"","sticky":false,"template":"","format":"standard","meta":{"footnotes":""},"categories":[1589],"tags":[1111,47,11,1117,1109,1112,636,341,257,73,1866,632,1108,107,1106,1107,1119,1116,1110,1114,500,12,1113,1118,137,401,1115,1864,1865,1863,308],"class_list":{"0":"post-229973","1":"post","2":"type-post","3":"status-publish","4":"format-standard","5":"has-post-thumbnail","7":"category-etats-unis","8":"tag-actu","9":"tag-actualite","10":"tag-actualites","11":"tag-assurance","12":"tag-breves","13":"tag-depeches","14":"tag-devises","15":"tag-emploi","16":"tag-entreprise","17":"tag-etats-unis","18":"tag-etats-unis-damerique","19":"tag-fcp","20":"tag-fil","21":"tag-fil-info","22":"tag-flash","23":"tag-flash-actu","24":"tag-formation","25":"tag-immobilier","26":"tag-informations","27":"tag-infos","28":"tag-medias","29":"tag-news","30":"tag-nouvelles","31":"tag-placement","32":"tag-retraite","33":"tag-sicav","34":"tag-taux","35":"tag-united-states","36":"tag-united-states-of-america","37":"tag-us","38":"tag-usa"},"share_on_mastodon":{"url":"https:\/\/pubeurope.com\/@fr\/114805242820813580","error":""},"_links":{"self":[{"href":"https:\/\/www.europesays.com\/fr\/wp-json\/wp\/v2\/posts\/229973","targetHints":{"allow":["GET"]}}],"collection":[{"href":"https:\/\/www.europesays.com\/fr\/wp-json\/wp\/v2\/posts"}],"about":[{"href":"https:\/\/www.europesays.com\/fr\/wp-json\/wp\/v2\/types\/post"}],"author":[{"embeddable":true,"href":"https:\/\/www.europesays.com\/fr\/wp-json\/wp\/v2\/users\/2"}],"replies":[{"embeddable":true,"href":"https:\/\/www.europesays.com\/fr\/wp-json\/wp\/v2\/comments?post=229973"}],"version-history":[{"count":0,"href":"https:\/\/www.europesays.com\/fr\/wp-json\/wp\/v2\/posts\/229973\/revisions"}],"wp:featuredmedia":[{"embeddable":true,"href":"https:\/\/www.europesays.com\/fr\/wp-json\/wp\/v2\/media\/229974"}],"wp:attachment":[{"href":"https:\/\/www.europesays.com\/fr\/wp-json\/wp\/v2\/media?parent=229973"}],"wp:term":[{"taxonomy":"category","embeddable":true,"href":"https:\/\/www.europesays.com\/fr\/wp-json\/wp\/v2\/categories?post=229973"},{"taxonomy":"post_tag","embeddable":true,"href":"https:\/\/www.europesays.com\/fr\/wp-json\/wp\/v2\/tags?post=229973"}],"curies":[{"name":"wp","href":"https:\/\/api.w.org\/{rel}","templated":true}]}}