{"id":229993,"date":"2025-07-06T08:12:10","date_gmt":"2025-07-06T08:12:10","guid":{"rendered":"https:\/\/www.europesays.com\/fr\/229993\/"},"modified":"2025-07-06T08:12:10","modified_gmt":"2025-07-06T08:12:10","slug":"wimbledon-lechange-savoureux-entre-cilic-et-djokovic-on-doit-avoir-un-elixir-de-jouvence","status":"publish","type":"post","link":"https:\/\/www.europesays.com\/fr\/229993\/","title":{"rendered":"Wimbledon > L\u2019\u00e9change savoureux entre Cilic et Djokovic : \u00ab\u00a0On doit avoir un \u00e9lixir de jouvence\u00a0\u00bb"},"content":{"rendered":"<p>Marin Cilic est en 8\u00e8me de finale et son parcours pour le moment est assez exem\u00adplaire. Vainqueur de Draper puis de Munar en 4 sets, il va main\u00adte\u00adnant s\u2019at\u00adta\u00adquer \u00e0 Cobolli, impres\u00adsion\u00adnant face \u00e0 Mensik.<\/p>\n<p>Alors qu\u2019il r\u00e9pon\u00addait \u00e0 la tv croate, Novak est venu le f\u00e9li\u00adciter \u00e0 sa mani\u00e8re. Le dialogue entre les deux cham\u00adpions a \u00e9t\u00e9 plut\u00f4t amusant.<\/p>\n<blockquote class=\"twitter-tweet\">\n<p lang=\"en\" dir=\"ltr\">Djokovic and Cilic share a funny moment toge\u00adther.<\/p>\n<p>\u201cYou two are beating all these young people.\u00ab\u202f<\/p>\n<p>Marin\u00a0: \u00ab\u202fAren\u2019t we young?\u00ab\u202f<br \/>Novak\u00a0: \u00ab\u202fIt\u2019s all a matter of pers\u00adpec\u00adtive.\u00ab\u202f<br \/>Marin\u00a0: \u00ab\u202fWe have a little elixir of youth.\u00ab\u202f<br \/>Novak\u00a0: \u00ab\u202fWe won\u2019t give them our secret.\u202f\u00bb\ud83d\ude02<a href=\"https:\/\/t.co\/k1wHoSnPfK\" data-wpel-link=\"external\" target=\"_blank\" rel=\"nofollow external noopener\">pic.twitter.com\/k1wHoSnPfK<\/a><\/p>\n<p>\u2014 Danny \ud83d\udc0a (@DjokovicFan_) <a href=\"https:\/\/twitter.com\/DjokovicFan_\/status\/1941604867455516788?ref_src=twsrc%5Etfw\" data-wpel-link=\"external\" target=\"_blank\" rel=\"nofollow external noopener\">July 5,\u00a02025<\/a><\/p><\/blockquote>\n<p><strong>Question \u00ab\u202fVous deux, vous battez tous ces jeunes.\u202f\u00bb<\/strong> <br \/><strong>Marin\u00a0: <\/strong>\u00ab\u202fNe sommes\u2010nous pas jeunes\u202f? \u00bb <br \/><strong>Novak<\/strong>\u00a0: \u00ab\u202fTout est une ques\u00adtion de pers\u00adpec\u00adtive. \u00bb <br \/><strong>Marin <\/strong>: \u00ab\u202fNous avons un petit \u00e9lixir de jouvence. \u00bb <br \/><strong>Novak\u00a0: \u00ab\u202f<\/strong>Nous ne leur d\u00e9voi\u00adle\u00adrons pas notre secret.\u202f\u00bb<\/p>\n<p class=\"post-published-date\" style=\"color: silver; font-size: 75%; text-align: left;\">Publi\u00e9 le dimanche 6 juillet 2025 \u00e0 09:20<\/p>\n<p><script async src=\"https:\/\/platform.twitter.com\/widgets.js\" charset=\"utf-8\"><\/script><\/p>\n","protected":false},"excerpt":{"rendered":"Marin Cilic est en 8\u00e8me de finale et son parcours pour le moment est assez exem\u00adplaire. Vainqueur de&hellip;\n","protected":false},"author":2,"featured_media":229994,"comment_status":"","ping_status":"","sticky":false,"template":"","format":"standard","meta":{"footnotes":""},"categories":[1415],"tags":[105,4388,1011,27,60,1467],"class_list":{"0":"post-229993","1":"post","2":"type-post","3":"status-publish","4":"format-standard","5":"has-post-thumbnail","7":"category-tennis","8":"tag-djokovic","9":"tag-draper","10":"tag-fr","11":"tag-france","12":"tag-sports","13":"tag-tennis"},"share_on_mastodon":{"url":"https:\/\/pubeurope.com\/@fr\/114805286023642128","error":""},"_links":{"self":[{"href":"https:\/\/www.europesays.com\/fr\/wp-json\/wp\/v2\/posts\/229993","targetHints":{"allow":["GET"]}}],"collection":[{"href":"https:\/\/www.europesays.com\/fr\/wp-json\/wp\/v2\/posts"}],"about":[{"href":"https:\/\/www.europesays.com\/fr\/wp-json\/wp\/v2\/types\/post"}],"author":[{"embeddable":true,"href":"https:\/\/www.europesays.com\/fr\/wp-json\/wp\/v2\/users\/2"}],"replies":[{"embeddable":true,"href":"https:\/\/www.europesays.com\/fr\/wp-json\/wp\/v2\/comments?post=229993"}],"version-history":[{"count":0,"href":"https:\/\/www.europesays.com\/fr\/wp-json\/wp\/v2\/posts\/229993\/revisions"}],"wp:featuredmedia":[{"embeddable":true,"href":"https:\/\/www.europesays.com\/fr\/wp-json\/wp\/v2\/media\/229994"}],"wp:attachment":[{"href":"https:\/\/www.europesays.com\/fr\/wp-json\/wp\/v2\/media?parent=229993"}],"wp:term":[{"taxonomy":"category","embeddable":true,"href":"https:\/\/www.europesays.com\/fr\/wp-json\/wp\/v2\/categories?post=229993"},{"taxonomy":"post_tag","embeddable":true,"href":"https:\/\/www.europesays.com\/fr\/wp-json\/wp\/v2\/tags?post=229993"}],"curies":[{"name":"wp","href":"https:\/\/api.w.org\/{rel}","templated":true}]}}