{"id":230018,"date":"2025-07-06T08:27:09","date_gmt":"2025-07-06T08:27:09","guid":{"rendered":"https:\/\/www.europesays.com\/fr\/230018\/"},"modified":"2025-07-06T08:27:09","modified_gmt":"2025-07-06T08:27:09","slug":"une-intrication-jamais-vue-depuis-20-ans-des-physiciens-devoilent-une-decouverte-quantique-qui-bouleverse-la-science","status":"publish","type":"post","link":"https:\/\/www.europesays.com\/fr\/230018\/","title":{"rendered":"\u00ab Une intrication jamais vue depuis 20 ans \u00bb : des physiciens d\u00e9voilent une d\u00e9couverte quantique qui bouleverse la science"},"content":{"rendered":"<tr>\n<td><strong>EN BREF<\/strong><\/td>\n<\/tr>\n<tr>\n<td>\n<ul>\n<li>\u2728 L\u2019intrication quantique permet \u00e0 deux particules de rester connect\u00e9es, ind\u00e9pendamment de la distance, r\u00e9volutionnant la <strong>physique moderne<\/strong>.<\/li>\n<li>\ud83d\udd0d Les photons sont intriqu\u00e9s par leur <strong>moment angulaire total<\/strong> dans des syst\u00e8mes nanom\u00e9triques, ouvrant de nouvelles voies en nanophotonique.<\/li>\n<li>\ud83d\udcda L\u2019\u00e9quipe du Technion, dirig\u00e9e par Amit Kam et Shai Tsesses, a publi\u00e9 des r\u00e9sultats innovants dans la revue <strong>Nature<\/strong>.<\/li>\n<li>\ud83d\udd2c Cette d\u00e9couverte pourrait transformer les <strong>technologies quantiques<\/strong> en permettant des dispositifs plus compacts et efficaces.<\/li>\n<\/ul>\n<\/td>\n<\/tr>\n<p>La physique quantique ne cesse d\u2019\u00e9merveiller et de questionner notre compr\u00e9hension du monde. R\u00e9cemment, une avanc\u00e9e significative a \u00e9t\u00e9 r\u00e9alis\u00e9e, remettant au go\u00fbt du jour un ph\u00e9nom\u00e8ne longtemps controvers\u00e9 : l\u2019intrication quantique. Cette d\u00e9couverte, qui n\u2019avait pas connu de nouveaut\u00e9 majeure depuis deux d\u00e9cennies, promet de r\u00e9volutionner les technologies quantiques. Explorons en d\u00e9tail cette avanc\u00e9e fascinante et ses implications potentielles pour le futur des technologies quantiques.<\/p>\n<p>L\u2019intrication quantique : une connexion myst\u00e9rieuse<\/p>\n<p>L\u2019intrication quantique est un ph\u00e9nom\u00e8ne qui a intrigu\u00e9 les physiciens depuis sa premi\u00e8re conceptualisation par Einstein, Podolsky et Rosen en 1935. <strong>Elle permet \u00e0 deux particules de rester connect\u00e9es ind\u00e9pendamment de la distance qui les s\u00e9pare<\/strong>. Einstein, sceptique, l\u2019avait qualifi\u00e9e d&rsquo;\u00a0\u00bbaction fant\u00f4me \u00e0 distance\u00a0\u00bb. Pourtant, ce concept est devenu un pilier de la physique quantique moderne, notamment gr\u00e2ce \u00e0 sa capacit\u00e9 \u00e0 connecter des particules sans \u00e9change d\u2019information visible. Cela offre des opportunit\u00e9s uniques pour des applications technologiques avanc\u00e9es.<\/p>\n<p>Contrairement aux interactions classiques, l\u2019intrication ne n\u00e9cessite aucune force ou champ m\u00e9diateur. Elle repose uniquement sur les lois probabilistes de la m\u00e9canique quantique. Cette particularit\u00e9 ouvre des possibilit\u00e9s illimit\u00e9es pour la cr\u00e9ation de technologies qui pourraient transformer notre quotidien, notamment dans les domaines de la communication s\u00e9curis\u00e9e et du calcul quantique.<\/p>\n<blockquote class=\"wp-embedded-content\" data-secret=\"zF6mE7Cl0F\">\n<p><a href=\"https:\/\/www.innovant.fr\/2025\/05\/19\/ce-drone-miniature-est-le-plus-rapide-du-monde-la-chine-pulverise-le-record-avec-un-vol-a-plus-de-340-km-h\/\" rel=\"nofollow noopener\" target=\"_blank\">\u00ab Ce drone miniature est le plus rapide du monde \u00bb : la Chine pulv\u00e9rise le record avec un vol \u00e0 plus de 340 km\/h<\/a><\/p>\n<\/blockquote>\n<p>Photons et nanophotonique : une nouvelle forme d\u2019intrication<\/p>\n<p>Les photons, ces particules de lumi\u00e8re, jouent un r\u00f4le crucial dans l\u2019exploration de l\u2019intrication. Traditionnellement, leur intrication se faisait par des propri\u00e9t\u00e9s comme la fr\u00e9quence ou la polarisation. Cependant, dans des structures plus petites que leur longueur d\u2019onde, ces propri\u00e9t\u00e9s se transforment en une seule : le moment angulaire total. <strong>Cette nouvelle forme d\u2019intrication, d\u00e9couverte par l\u2019\u00e9quipe du Technion, est un v\u00e9ritable tournant<\/strong>.<\/p>\n<p>En exploitant le moment angulaire total dans des syst\u00e8mes nanom\u00e9triques, les chercheurs ont r\u00e9ussi \u00e0 intriquer des photons d\u2019une mani\u00e8re in\u00e9dite. Cette avanc\u00e9e ouvre la voie \u00e0 des applications innovantes en nanophotonique, permettant de concevoir des composants plus compacts et efficaces. Ces composants sont essentiels pour le d\u00e9veloppement futur des technologies de communication et de calcul quantique, o\u00f9 la miniaturisation est un enjeu majeur.<\/p>\n<blockquote class=\"wp-embedded-content\" data-secret=\"xE8u1oaYxW\">\n<p><a href=\"https:\/\/www.innovant.fr\/2025\/07\/01\/quelque-chose-dimpossible-emet-sous-la-glace-des-signaux-radio-anormaux-intriguent-les-chercheurs-en-antarctique\/\" rel=\"nofollow noopener\" target=\"_blank\">\u00ab Quelque chose d\u2019impossible \u00e9met sous la glace \u00bb : des signaux radio anormaux intriguent les chercheurs en Antarctique<\/a><\/p>\n<\/blockquote>\n<p>Les travaux du Technion : un bond en avant<\/p>\n<p>Dirig\u00e9e par Amit Kam et Shai Tsesses, l\u2019\u00e9quipe du Technion a r\u00e9cemment publi\u00e9 ses r\u00e9sultats dans la prestigieuse revue Nature. Ils ont d\u00e9montr\u00e9 la possibilit\u00e9 d\u2019intriquer des photons dans des syst\u00e8mes nanom\u00e9triques, non pas par les m\u00e9thodes traditionnelles, mais par l\u2019exploitation du moment angulaire total. Cette approche innovante a \u00e9t\u00e9 confirm\u00e9e par une s\u00e9rie de mesures pr\u00e9cises, soulignant la robustesse et la fiabilit\u00e9 de cette nouvelle forme d\u2019intrication.<\/p>\n<p><img decoding=\"async\" src=\"https:\/\/www.europesays.com\/fr\/wp-content\/uploads\/2025\/07\/une-decouverte-scientifique-bouleverse-la-physique-quantique-cette-nouvelle-forme-dintrication-enfla.jpeg\" alt=\"\"\/><\/p>\n<p>Ces travaux repr\u00e9sentent la premi\u00e8re nouvelle forme d\u2019intrication quantique depuis plus de vingt ans. Ils pourraient r\u00e9volutionner la conception de dispositifs quantiques, offrant des solutions plus compactes et \u00e9nerg\u00e9tiquement efficaces. Les r\u00e9sultats obtenus par l\u2019\u00e9quipe du Technion jettent les bases d\u2019une nouvelle \u00e8re pour les technologies quantiques, avec des applications potentiellement r\u00e9volutionnaires dans divers secteurs industriels.<\/p>\n<blockquote class=\"wp-embedded-content\" data-secret=\"21N7KmZbSn\">\n<p><a href=\"https:\/\/www.innovant.fr\/2025\/04\/10\/oui-jai-achete-50-avis-google-et-mon-chiffre-daffaires-a-double-la-methode-hallucinante-dacheter-des-fans-com-pour-la-reputation-en-ligne-sur-google\/\" rel=\"nofollow noopener\" target=\"_blank\">\u00ab Oui, j\u2019ai achet\u00e9 50 avis Google et mon chiffre d\u2019affaires a doubl\u00e9 \u00bb : la m\u00e9thode hallucinante d\u2019Acheter-des-Fans.com pour la r\u00e9putation en ligne sur Google<\/a><\/p>\n<\/blockquote>\n<p>Applications et implications futures<\/p>\n<p>La cartographie des \u00e9tats quantiques des photons r\u00e9alis\u00e9e par les chercheurs est cruciale pour exploiter pleinement le potentiel de cette nouvelle forme d\u2019intrication. En comprenant mieux ces \u00e9tats, il devient possible d\u2019envisager des applications technologiquement avanc\u00e9es. <strong>La miniaturisation des dispositifs quantiques est l\u2019une des applications les plus prometteuses<\/strong>.<\/p>\n<p>Les implications de cette d\u00e9couverte pourraient transformer notre approche des technologies quantiques. Des dispositifs plus petits et performants pourraient \u00e9merger, facilitant le d\u00e9veloppement de r\u00e9seaux de communication quantique s\u00e9curis\u00e9s, de capteurs ultra-sensibles et de processeurs quantiques plus puissants. Cette avanc\u00e9e repr\u00e9sente un pas de g\u00e9ant vers l\u2019\u00e8re de la technologie quantique.<\/p>\n<p>La d\u00e9couverte de cette nouvelle forme d\u2019intrication quantique relance l\u2019int\u00e9r\u00eat pour les recherches en nanophotonique et en physique quantique. En repoussant les limites de la physique actuelle, elle ouvre la voie \u00e0 des innovations technologiques qui pourraient transformer notre quotidien. Comment ces avanc\u00e9es vont-elles redessiner le paysage technologique mondial dans les ann\u00e9es \u00e0 venir ?<\/p>\n<p>L\u2019auteur s\u2019est appuy\u00e9 sur l\u2019intelligence artificielle pour enrichir cet article.<\/p>\n<p id=\"rating\">\u00c7a vous a plu ?\u00a04.5\/5 (20)<\/p>\n","protected":false},"excerpt":{"rendered":"EN BREF \u2728 L\u2019intrication quantique permet \u00e0 deux particules de rester connect\u00e9es, ind\u00e9pendamment de la distance, r\u00e9volutionnant la&hellip;\n","protected":false},"author":2,"featured_media":230019,"comment_status":"","ping_status":"","sticky":false,"template":"","format":"standard","meta":{"footnotes":""},"categories":[7],"tags":[1011,27,43,40,41,39,42,44],"class_list":{"0":"post-230018","1":"post","2":"type-post","3":"status-publish","4":"format-standard","5":"has-post-thumbnail","7":"category-sciences-et-technologies","8":"tag-fr","9":"tag-france","10":"tag-science","11":"tag-science-and-technology","12":"tag-sciences","13":"tag-sciences-et-technologies","14":"tag-technologies","15":"tag-technology"},"share_on_mastodon":{"url":"https:\/\/pubeurope.com\/@fr\/114805345140790763","error":""},"_links":{"self":[{"href":"https:\/\/www.europesays.com\/fr\/wp-json\/wp\/v2\/posts\/230018","targetHints":{"allow":["GET"]}}],"collection":[{"href":"https:\/\/www.europesays.com\/fr\/wp-json\/wp\/v2\/posts"}],"about":[{"href":"https:\/\/www.europesays.com\/fr\/wp-json\/wp\/v2\/types\/post"}],"author":[{"embeddable":true,"href":"https:\/\/www.europesays.com\/fr\/wp-json\/wp\/v2\/users\/2"}],"replies":[{"embeddable":true,"href":"https:\/\/www.europesays.com\/fr\/wp-json\/wp\/v2\/comments?post=230018"}],"version-history":[{"count":0,"href":"https:\/\/www.europesays.com\/fr\/wp-json\/wp\/v2\/posts\/230018\/revisions"}],"wp:featuredmedia":[{"embeddable":true,"href":"https:\/\/www.europesays.com\/fr\/wp-json\/wp\/v2\/media\/230019"}],"wp:attachment":[{"href":"https:\/\/www.europesays.com\/fr\/wp-json\/wp\/v2\/media?parent=230018"}],"wp:term":[{"taxonomy":"category","embeddable":true,"href":"https:\/\/www.europesays.com\/fr\/wp-json\/wp\/v2\/categories?post=230018"},{"taxonomy":"post_tag","embeddable":true,"href":"https:\/\/www.europesays.com\/fr\/wp-json\/wp\/v2\/tags?post=230018"}],"curies":[{"name":"wp","href":"https:\/\/api.w.org\/{rel}","templated":true}]}}