{"id":230024,"date":"2025-07-06T08:30:09","date_gmt":"2025-07-06T08:30:09","guid":{"rendered":"https:\/\/www.europesays.com\/fr\/230024\/"},"modified":"2025-07-06T08:30:09","modified_gmt":"2025-07-06T08:30:09","slug":"le-cortege-de-mariage-fait-du-grabuge-une-vingtaine-de-vehicules-verbalises-des-berlines-saisies","status":"publish","type":"post","link":"https:\/\/www.europesays.com\/fr\/230024\/","title":{"rendered":"le cort\u00e8ge de mariage fait du grabuge, une vingtaine de v\u00e9hicules verbalis\u00e9s, des berlines saisies"},"content":{"rendered":"<p itemprop=\"description\"><strong>Ce vendredi, les rues de Saint-Genis-Laval ont \u00e9t\u00e9 le th\u00e9\u00e2tre d&rsquo;un cort\u00e8ge de mariage bruyant et au comportement dangereux.<\/strong><\/p>\n<p>Police municipale et gendarmerie attendaient donc les mari\u00e9s et leurs convives \u00e0 la mairie de la commune au sud de Lyon pour proc\u00e9der aux verbalisations constat\u00e9es en amont et sur place. Au total, 22 PV sont tomb\u00e9s pour exc\u00e8s de vitesse et stationnements g\u00eanants.<\/p>\n<p>Quatre berlines ont \u00e9galement \u00e9t\u00e9 saisies par la fourri\u00e8re.<\/p>\n<p>Les forces de l&rsquo;ordre ont aussi saisi du mat\u00e9riel pyrotechnique, et notamment une fus\u00e9e de d\u00e9tresse qu&rsquo;un invit\u00e9 du mariage comptait tirer selon le Progr\u00e8s.<\/p>\n","protected":false},"excerpt":{"rendered":"Ce vendredi, les rues de Saint-Genis-Laval ont \u00e9t\u00e9 le th\u00e9\u00e2tre d&rsquo;un cort\u00e8ge de mariage bruyant et au comportement&hellip;\n","protected":false},"author":2,"featured_media":230025,"comment_status":"","ping_status":"","sticky":false,"template":"","format":"standard","meta":{"footnotes":""},"categories":[4],"tags":[1111,11,2813,2190,1109,251,1112,2811,118,1011,27,1922,1110,1114,2428,2810,12,241,316,25,2812,517,800],"class_list":{"0":"post-230024","1":"post","2":"type-post","3":"status-publish","4":"format-standard","5":"has-post-thumbnail","7":"category-france","8":"tag-actu","9":"tag-actualites","10":"tag-article","11":"tag-asvel","12":"tag-breves","13":"tag-culture","14":"tag-depeches","15":"tag-economique","16":"tag-faits-divers","17":"tag-fr","18":"tag-france","19":"tag-info","20":"tag-informations","21":"tag-infos","22":"tag-lyon","23":"tag-lyonmag","24":"tag-news","25":"tag-ol","26":"tag-politique","27":"tag-republique-francaise","28":"tag-sociale","29":"tag-sport","30":"tag-transports"},"share_on_mastodon":{"url":"https:\/\/pubeurope.com\/@fr\/114805356867233245","error":""},"_links":{"self":[{"href":"https:\/\/www.europesays.com\/fr\/wp-json\/wp\/v2\/posts\/230024","targetHints":{"allow":["GET"]}}],"collection":[{"href":"https:\/\/www.europesays.com\/fr\/wp-json\/wp\/v2\/posts"}],"about":[{"href":"https:\/\/www.europesays.com\/fr\/wp-json\/wp\/v2\/types\/post"}],"author":[{"embeddable":true,"href":"https:\/\/www.europesays.com\/fr\/wp-json\/wp\/v2\/users\/2"}],"replies":[{"embeddable":true,"href":"https:\/\/www.europesays.com\/fr\/wp-json\/wp\/v2\/comments?post=230024"}],"version-history":[{"count":0,"href":"https:\/\/www.europesays.com\/fr\/wp-json\/wp\/v2\/posts\/230024\/revisions"}],"wp:featuredmedia":[{"embeddable":true,"href":"https:\/\/www.europesays.com\/fr\/wp-json\/wp\/v2\/media\/230025"}],"wp:attachment":[{"href":"https:\/\/www.europesays.com\/fr\/wp-json\/wp\/v2\/media?parent=230024"}],"wp:term":[{"taxonomy":"category","embeddable":true,"href":"https:\/\/www.europesays.com\/fr\/wp-json\/wp\/v2\/categories?post=230024"},{"taxonomy":"post_tag","embeddable":true,"href":"https:\/\/www.europesays.com\/fr\/wp-json\/wp\/v2\/tags?post=230024"}],"curies":[{"name":"wp","href":"https:\/\/api.w.org\/{rel}","templated":true}]}}