{"id":230028,"date":"2025-07-06T08:32:10","date_gmt":"2025-07-06T08:32:10","guid":{"rendered":"https:\/\/www.europesays.com\/fr\/230028\/"},"modified":"2025-07-06T08:32:10","modified_gmt":"2025-07-06T08:32:10","slug":"saint-etienne-trois-militaires-hors-service-agresses-au-couteau-lassaillant-en-fuite","status":"publish","type":"post","link":"https:\/\/www.europesays.com\/fr\/230028\/","title":{"rendered":"Saint-\u00c9tienne. Trois militaires hors service agress\u00e9s au couteau, l\u2019assaillant en fuite"},"content":{"rendered":"<p>Peur apr\u00e8s 1 heure du matin, dans la nuit de vendredi \u00e0 samedi, trois militaires de l\u2019op\u00e9ration Sentinelle ont \u00e9t\u00e9 agress\u00e9s dans le centre-ville de Saint-Etienne.<\/p>\n<p>D\u2019apr\u00e8s le site d\u2019information <a href=\"https:\/\/www.valeursactuelles.com\/faits-divers\/info-va-saint-etienne-trois-militaires-hors-service-agresses-au-couteau-deux-blesses\" target=\"_blank\" rel=\"nofollow noopener\">Valeurs actuelles<\/a>, les trois hommes \u00e9taient en train de traverser un passage pour pi\u00e9tons quand un v\u00e9hicule est arriv\u00e9 \u00e0 vive allure.<\/p>\n<p>Un des militaires a fait signe de ralentir au jeune automobiliste, qui a alors lanc\u00e9 une canette de soda en sa direction et l\u2019a insult\u00e9.<\/p>\n<p>  Pas vis\u00e9s en tant que militaires<\/p>\n<p>Apr\u00e8s \u00eatre sorti de sa voiture, il a frapp\u00e9 un des militaires au visage, puis a sorti un couteau avec lequel il a bless\u00e9 l\u00e9g\u00e8rement les deux autres au niveau de l\u2019oreille et du cou. Ces derniers ont \u00e9t\u00e9 transport\u00e9s \u00e0 l\u2019h\u00f4pital Nord.<\/p>\n<p>L\u2019assaillant a ensuite pris la fuite. Une enqu\u00eate est en cours, comme nous l\u2019a confirm\u00e9 le parquet de Saint-Etienne.<\/p>\n<p>A priori, les victimes n\u2019\u00e9taient pas vis\u00e9es en tant que militaires puisqu\u2019elles \u00e9taient en tenue civile quand les faits se sont d\u00e9roul\u00e9s.<\/p>\n","protected":false},"excerpt":{"rendered":"Peur apr\u00e8s 1 heure du matin, dans la nuit de vendredi \u00e0 samedi, trois militaires de l\u2019op\u00e9ration Sentinelle&hellip;\n","protected":false},"author":2,"featured_media":230029,"comment_status":"","ping_status":"","sticky":false,"template":"","format":"standard","meta":{"footnotes":""},"categories":[9653],"tags":[1111,11,2430,271,272,7539,1777,674,274,1011,27,3367,12,25,4001,7538],"class_list":{"0":"post-230028","1":"post","2":"type-post","3":"status-publish","4":"format-standard","5":"has-post-thumbnail","7":"category-saint-etienne","8":"tag-actu","9":"tag-actualites","10":"tag-auvergne-rhone-alpes","11":"tag-crime","12":"tag-delit-et-contravention","13":"tag-edition-loire-sud","14":"tag-eu","15":"tag-europe","16":"tag-faits-divers-justice","17":"tag-fr","18":"tag-france","19":"tag-loire","20":"tag-news","21":"tag-republique-francaise","22":"tag-saint-etienne","23":"tag-saint-etienne-ville"},"share_on_mastodon":{"url":"https:\/\/pubeurope.com\/@fr\/114805364677284816","error":""},"_links":{"self":[{"href":"https:\/\/www.europesays.com\/fr\/wp-json\/wp\/v2\/posts\/230028","targetHints":{"allow":["GET"]}}],"collection":[{"href":"https:\/\/www.europesays.com\/fr\/wp-json\/wp\/v2\/posts"}],"about":[{"href":"https:\/\/www.europesays.com\/fr\/wp-json\/wp\/v2\/types\/post"}],"author":[{"embeddable":true,"href":"https:\/\/www.europesays.com\/fr\/wp-json\/wp\/v2\/users\/2"}],"replies":[{"embeddable":true,"href":"https:\/\/www.europesays.com\/fr\/wp-json\/wp\/v2\/comments?post=230028"}],"version-history":[{"count":0,"href":"https:\/\/www.europesays.com\/fr\/wp-json\/wp\/v2\/posts\/230028\/revisions"}],"wp:featuredmedia":[{"embeddable":true,"href":"https:\/\/www.europesays.com\/fr\/wp-json\/wp\/v2\/media\/230029"}],"wp:attachment":[{"href":"https:\/\/www.europesays.com\/fr\/wp-json\/wp\/v2\/media?parent=230028"}],"wp:term":[{"taxonomy":"category","embeddable":true,"href":"https:\/\/www.europesays.com\/fr\/wp-json\/wp\/v2\/categories?post=230028"},{"taxonomy":"post_tag","embeddable":true,"href":"https:\/\/www.europesays.com\/fr\/wp-json\/wp\/v2\/tags?post=230028"}],"curies":[{"name":"wp","href":"https:\/\/api.w.org\/{rel}","templated":true}]}}