{"id":230030,"date":"2025-07-06T08:33:09","date_gmt":"2025-07-06T08:33:09","guid":{"rendered":"https:\/\/www.europesays.com\/fr\/230030\/"},"modified":"2025-07-06T08:33:09","modified_gmt":"2025-07-06T08:33:09","slug":"agression-de-militaires-a-saint-etienne-deux-soldats-blesses-au-couteau","status":"publish","type":"post","link":"https:\/\/www.europesays.com\/fr\/230030\/","title":{"rendered":"AGRESSION DE MILITAIRES \u00c0 SAINT-\u00c9TIENNE : DEUX SOLDATS BLESS\u00c9S AU COUTEAU"},"content":{"rendered":"<p>Cette mission de s\u00e9curit\u00e9 int\u00e9rieure, d\u00e9ploy\u00e9e sur le territoire fran\u00e7ais, vise \u00e0 prot\u00e9ger les sites sensibles et les citoyens contre les menaces terroristes.<\/p>\n<p>UNE INTERVENTION ROUTI\u00c8RE QUI D\u00c9G\u00c9N\u00c8RE<\/p>\n<p>L\u2019affaire d\u00e9bute par une simple intervention de r\u00e9gulation de circulation. Un v\u00e9hicule roulant \u00e0 vive allure dans une zone de passage pi\u00e9ton attire l\u2019attention des militaires en patrouille. L\u2019un des soldats fait signe au conducteur de r\u00e9duire sa vitesse, geste habituel dans le cadre de leur mission de s\u00e9curisation des espaces publics.<\/p>\n<p>La r\u00e9action de l\u2019automobiliste est imm\u00e9diate et hostile. Plut\u00f4t que de ralentir, il simule une acc\u00e9l\u00e9ration agressive, lance des insultes \u00e0 l\u2019encontre des militaires et leur jette une canette de soda. Cette premi\u00e8re escalade t\u00e9moigne d\u2019un comportement d\u00e9j\u00e0 probl\u00e9matique qui va rapidement prendre une tournure dramatique.<\/p>\n<p>L\u2019ESCALADE VERS LA VIOLENCE ARM\u00c9E<\/p>\n<p>La situation bascule d\u00e9finitivement lorsque l\u2019individu descend de son v\u00e9hicule. Il porte un premier coup au visage de l\u2019un des soldats, puis sort une arme blanche impressionnante : un couteau dot\u00e9 d\u2019une lame de 20 centim\u00e8tres. Les militaires se trouvent alors confront\u00e9s \u00e0 une agression arm\u00e9e d\u2019une rare violence.<\/p>\n<p>Deux soldats sont bless\u00e9s lors de cette attaque. L\u2019un re\u00e7oit des coups au niveau du cou, zone particuli\u00e8rement sensible qui aurait pu avoir des cons\u00e9quences fatales. Le second est touch\u00e9 \u00e0 l\u2019oreille. Fort heureusement, selon les sources polici\u00e8res, le pronostic vital des victimes n\u2019est pas engag\u00e9, bien qu\u2019elles aient n\u00e9cessit\u00e9 une prise en charge hospitali\u00e8re imm\u00e9diate.<\/p>\n<p>ENQU\u00caTE EN COURS POUR IDENTIFIER L\u2019AGRESSEUR<\/p>\n<p>Apr\u00e8s son agression, l\u2019auteur des faits prend la fuite, laissant derri\u00e8re lui des militaires bless\u00e9s et des t\u00e9moins sous le choc. Cependant, les forces de l\u2019ordre disposent d\u2019un \u00e9l\u00e9ment crucial : l\u2019immatriculation du v\u00e9hicule utilis\u00e9 a pu \u00eatre relev\u00e9e pendant l\u2019incident.<\/p>\n<p>Cette plaque d\u2019immatriculation permet aux enqu\u00eateurs de remonter jusqu\u2019\u00e0 un suspect potentiel : un homme de 21 ans d\u00e9j\u00e0 connu des services de police. Son profil judiciaire r\u00e9v\u00e8le qu\u2019il figure dans le traitement des ant\u00e9c\u00e9dents judiciaires (TAJ), mais qu\u2019il n\u2019\u00e9tait pas surveill\u00e9 par les services de renseignement territorial, ce qui \u00e9carte pour l\u2019instant une dimension terroriste.<\/p>\n<p>Une enqu\u00eate judiciaire a \u00e9t\u00e9 ouverte pour retrouver l\u2019auteur pr\u00e9sum\u00e9 des faits et \u00e9tablir les circonstances pr\u00e9cises de cette agression. Les investigators devront notamment d\u00e9terminer les motivations de cet acte violent et \u00e9valuer si d\u2019autres charges peuvent \u00eatre retenues contre le suspect.<\/p>\n<p>Cette affaire illustre les risques auxquels sont expos\u00e9s quotidiennement les militaires de l\u2019op\u00e9ration Sentinelle dans l\u2019exercice de leurs fonctions de protection du territoire national.<\/p>\n","protected":false},"excerpt":{"rendered":"Cette mission de s\u00e9curit\u00e9 int\u00e9rieure, d\u00e9ploy\u00e9e sur le territoire fran\u00e7ais, vise \u00e0 prot\u00e9ger les sites sensibles et les&hellip;\n","protected":false},"author":2,"featured_media":230031,"comment_status":"","ping_status":"","sticky":false,"template":"","format":"standard","meta":{"footnotes":""},"categories":[9653],"tags":[1111,11,2430,1777,674,118,1011,27,3367,12,25,4001],"class_list":{"0":"post-230030","1":"post","2":"type-post","3":"status-publish","4":"format-standard","5":"has-post-thumbnail","7":"category-saint-etienne","8":"tag-actu","9":"tag-actualites","10":"tag-auvergne-rhone-alpes","11":"tag-eu","12":"tag-europe","13":"tag-faits-divers","14":"tag-fr","15":"tag-france","16":"tag-loire","17":"tag-news","18":"tag-republique-francaise","19":"tag-saint-etienne"},"share_on_mastodon":{"url":"https:\/\/pubeurope.com\/@fr\/114805368644523069","error":""},"_links":{"self":[{"href":"https:\/\/www.europesays.com\/fr\/wp-json\/wp\/v2\/posts\/230030","targetHints":{"allow":["GET"]}}],"collection":[{"href":"https:\/\/www.europesays.com\/fr\/wp-json\/wp\/v2\/posts"}],"about":[{"href":"https:\/\/www.europesays.com\/fr\/wp-json\/wp\/v2\/types\/post"}],"author":[{"embeddable":true,"href":"https:\/\/www.europesays.com\/fr\/wp-json\/wp\/v2\/users\/2"}],"replies":[{"embeddable":true,"href":"https:\/\/www.europesays.com\/fr\/wp-json\/wp\/v2\/comments?post=230030"}],"version-history":[{"count":0,"href":"https:\/\/www.europesays.com\/fr\/wp-json\/wp\/v2\/posts\/230030\/revisions"}],"wp:featuredmedia":[{"embeddable":true,"href":"https:\/\/www.europesays.com\/fr\/wp-json\/wp\/v2\/media\/230031"}],"wp:attachment":[{"href":"https:\/\/www.europesays.com\/fr\/wp-json\/wp\/v2\/media?parent=230030"}],"wp:term":[{"taxonomy":"category","embeddable":true,"href":"https:\/\/www.europesays.com\/fr\/wp-json\/wp\/v2\/categories?post=230030"},{"taxonomy":"post_tag","embeddable":true,"href":"https:\/\/www.europesays.com\/fr\/wp-json\/wp\/v2\/tags?post=230030"}],"curies":[{"name":"wp","href":"https:\/\/api.w.org\/{rel}","templated":true}]}}